{"id":2778,"date":"2025-06-01T08:39:29","date_gmt":"2025-06-01T11:39:29","guid":{"rendered":"https:\/\/mundodocarnaval.com.br\/?p=2778"},"modified":"2025-06-01T08:39:29","modified_gmt":"2025-06-01T11:39:29","slug":"salgueiro-entrega-sinopse-do-enredo-2026","status":"publish","type":"post","link":"https:\/\/mundodocarnaval.com.br\/pt_br\/salgueiro-entrega-sinopse-do-enredo-2026\/","title":{"rendered":"Salgueiro entrega sinopse do enredo 2026"},"content":{"rendered":"<p>Salgueiro entrega sinopse do enredo 2026 no dia 10 de junho e inicia homenagens \u00e0 carnavalesca Rosa Magalh\u00e3es<\/p>\n<p>O GRES Acad\u00eamicos do Salgueiro realiza, na pr\u00f3xima ter\u00e7a-feira, 10 de junho, \u00e0s 19h30, na quadra da escola, o primeiro encontro oficial com os compositores para a entrega e explana\u00e7\u00e3o da sinopse do enredo que levar\u00e1 \u00e0 Marqu\u00eas de Sapuca\u00ed no Carnaval 2026. Na ocasi\u00e3o, tamb\u00e9m ser\u00e3o apresentadas as regras e diretrizes para o concurso de samba-enredo.<\/p>\n<p>Com o enredo intitulado \u201cA delirante jornada carnavalesca da professora que n\u00e3o tinha medo de bruxa, de bacalhau e nem do pirata da perna-de-pau\u201d, a escola celebrar\u00e1 a obra, o legado e o universo criativo da saudosa carnavalesca Rosa Magalh\u00e3es, que se consagrou como a maior campe\u00e3 da Sapuca\u00ed.<\/p>\n<p>Assinado pelo carnavalesco Jorge Silveira em parceria com o curador Leonardo Antan, o enredo prop\u00f5e um cortejo l\u00fadico e fabuloso, inspirado na trajet\u00f3ria de Rosa, com passagens por bibliotecas encantadas, reinos imagin\u00e1rios e encontros com personagens cl\u00e1ssicos dos contos de fadas, da mitologia e do folclore brasileiro. A proposta \u00e9 mergulhar no processo criativo de Rosa Magalh\u00e3es, reverenciada por sua genialidade est\u00e9tica, rigor hist\u00f3rico e sensibilidade art\u00edstica. Al\u00e9m de Jorge e Antan, a equipe de cria\u00e7\u00e3o do enredo conta com Ricardo Hessez e Allan Barbosa.<\/p>\n<p>A quadra do Salgueiro fica na Rua Silva Teles, 104, no Andara\u00ed. O calend\u00e1rio oficial do concurso de samba-enredo inclui ainda tr\u00eas encontros para d\u00favidas e orienta\u00e7\u00f5es \u2014 nos dias 24 de junho, 8 de julho e 22 de julho, das 19h \u00e0s 22h \u2014 e a inscri\u00e7\u00e3o dos sambas concorrentes, marcada para o dia 30 de julho, quarta-feira, \u00e0s 19h30.<\/p>\n<p>Em 2026, o GRES Acad\u00eamicos do Salgueiro fecha a \u00faltima noite de desfiles do Grupo Especial na Marqu\u00eas de Sapuca\u00ed, na ter\u00e7a-feira de Carnaval, dia 17 de fevereiro.<\/p>\n<p>Fotos: Divulga\u00e7\u00e3o Salgueiro <\/p>\n","protected":false},"excerpt":{"rendered":"<p>Salgueiro entrega sinopse do enredo 2026 no dia 10 de junho e inicia homenagens \u00e0 carnavalesca Rosa Magalh\u00e3es O GRES Acad\u00eamicos do Salgueiro realiza, na pr\u00f3xima ter\u00e7a-feira, 10 de junho, \u00e0s 19h30, na quadra da escola, o primeiro encontro oficial com os compositores para a entrega e explana\u00e7\u00e3o da sinopse do enredo que levar\u00e1 \u00e0 [&hellip;]<\/p>\n","protected":false},"author":1,"featured_media":2779,"comment_status":"closed","ping_status":"closed","sticky":false,"template":"","format":"standard","meta":{"footnotes":""},"categories":[12],"tags":[],"class_list":["post-2778","post","type-post","status-publish","format-standard","has-post-thumbnail","hentry","category-grupo-especial"],"_links":{"self":[{"href":"https:\/\/mundodocarnaval.com.br\/pt_br\/wp-json\/wp\/v2\/posts\/2778","targetHints":{"allow":["GET"]}}],"collection":[{"href":"https:\/\/mundodocarnaval.com.br\/pt_br\/wp-json\/wp\/v2\/posts"}],"about":[{"href":"https:\/\/mundodocarnaval.com.br\/pt_br\/wp-json\/wp\/v2\/types\/post"}],"author":[{"embeddable":true,"href":"https:\/\/mundodocarnaval.com.br\/pt_br\/wp-json\/wp\/v2\/users\/1"}],"replies":[{"embeddable":true,"href":"https:\/\/mundodocarnaval.com.br\/pt_br\/wp-json\/wp\/v2\/comments?post=2778"}],"version-history":[{"count":1,"href":"https:\/\/mundodocarnaval.com.br\/pt_br\/wp-json\/wp\/v2\/posts\/2778\/revisions"}],"predecessor-version":[{"id":2780,"href":"https:\/\/mundodocarnaval.com.br\/pt_br\/wp-json\/wp\/v2\/posts\/2778\/revisions\/2780"}],"wp:featuredmedia":[{"embeddable":true,"href":"https:\/\/mundodocarnaval.com.br\/pt_br\/wp-json\/wp\/v2\/media\/2779"}],"wp:attachment":[{"href":"https:\/\/mundodocarnaval.com.br\/pt_br\/wp-json\/wp\/v2\/media?parent=2778"}],"wp:term":[{"taxonomy":"category","embeddable":true,"href":"https:\/\/mundodocarnaval.com.br\/pt_br\/wp-json\/wp\/v2\/categories?post=2778"},{"taxonomy":"post_tag","embeddable":true,"href":"https:\/\/mundodocarnaval.com.br\/pt_br\/wp-json\/wp\/v2\/tags?post=2778"}],"curies":[{"name":"wp","href":"https:\/\/api.w.org\/{rel}","templated":true}]}}