{"id":2781,"date":"2025-06-01T08:59:19","date_gmt":"2025-06-01T11:59:19","guid":{"rendered":"https:\/\/mundodocarnaval.com.br\/?p=2781"},"modified":"2025-06-01T08:59:19","modified_gmt":"2025-06-01T11:59:19","slug":"unidos-de-padre-miguel-apresente-sinopse-para-2026","status":"publish","type":"post","link":"https:\/\/mundodocarnaval.com.br\/pt_br\/unidos-de-padre-miguel-apresente-sinopse-para-2026\/","title":{"rendered":"Unidos de Padre Miguel apresente sinopse para 2026"},"content":{"rendered":"<p>Unidos de Padre Miguel apresente sinopse para 2026<\/p>\n<p>A Unidos de Padre Miguel realizou na noite desta quinta-feira, 29 de maio, a leitura de sua sinopse para o Carnaval de 2026, quando levar\u00e1 para a Marqu\u00eas de Sapuca\u00ed o enredo \u201c\ud835\ude12\ud835\ude36\ud835\ude2f\ud835\ude29\u00e3-\ud835\ude0c\ud835\ude35\u00e9: \ud835\ude16 \ud835\ude1a\ud835\ude30\ud835\ude31\ud835\ude33\ud835\ude30 \ud835\ude1a\ud835\ude22\ud835\ude28\ud835\ude33\ud835\ude22\ud835\ude25\ud835\ude30 \ud835\ude25\ud835\ude22 \ud835\ude11\ud835\ude36\ud835\ude33\ud835\ude26\ud835\ude2e\ud835\ude22\u201d, que contar\u00e1 a hist\u00f3ria da guerreira ind\u00edgena Clara Camar\u00e3o, s\u00edmbolo de coragem, lideran\u00e7a e resist\u00eancia feminina no Brasil colonial.<\/p>\n<p>&#8220;Estamos muito felizes em receber compositores interessados em contar um pouco sobre a Clara Camar\u00e3o na Sapuca\u00ed, tenho certeza que teremos uma disputa de samba incr\u00edvel &#8221; &#8211; disse Lara Mara, Presidente da UPM.  <\/p>\n<p>&#8220;J\u00e1 estamos com nosso cronograma montado e em breve daremos in\u00edcio aos prot\u00f3tipos de fantasias. Estamos muito empolgados com esse enredo e tenho certeza que teremos um grande samba &#8221; &#8211; completou C\u00edcero Costa, Diretor de Carnaval.  <\/p>\n<p>Nos dias 14,21,28 de junho e 19 de julho, o carnavalesco estar\u00e1 \u00e0 disposi\u00e7\u00e3o dos poetas para tirar d\u00favidas acerca do enredo. <\/p>\n<p>&#8221; Reservamos quatro ocasi\u00f5es para esclarecer as d\u00favidas de nossos poetas e garantir que eles possam produzir excelentes sambas. Estamos muito confiantes e felizes com esse processo &#8221; contou o carnavalesco, Lucas Milato. <\/p>\n<p>A entrega dos sambas est\u00e1 prevista para o dia 26 de julho e o in\u00edcio da disputa no dia 08 de agosto. <\/p>\n<p>Em 2026, a Unidos de Padre Miguel ser\u00e1 a quinta escola a se apresentar na sexta-feira de Carnaval, em busca do t\u00edtulo e o retorno ao Grupo Especial.  <\/p>\n<p> Cr\u00e9ditos: Fausto Ferreira\/S1 Fotografia e Comunica\u00e7\u00e3o. <\/p>\n","protected":false},"excerpt":{"rendered":"<p>Unidos de Padre Miguel apresente sinopse para 2026 A Unidos de Padre Miguel realizou na noite desta quinta-feira, 29 de maio, a leitura de sua sinopse para o Carnaval de 2026, quando levar\u00e1 para a Marqu\u00eas de Sapuca\u00ed o enredo \u201c\ud835\ude12\ud835\ude36\ud835\ude2f\ud835\ude29\u00e3-\ud835\ude0c\ud835\ude35\u00e9: \ud835\ude16 \ud835\ude1a\ud835\ude30\ud835\ude31\ud835\ude33\ud835\ude30 \ud835\ude1a\ud835\ude22\ud835\ude28\ud835\ude33\ud835\ude22\ud835\ude25\ud835\ude30 \ud835\ude25\ud835\ude22 \ud835\ude11\ud835\ude36\ud835\ude33\ud835\ude26\ud835\ude2e\ud835\ude22\u201d, que contar\u00e1 a hist\u00f3ria da guerreira ind\u00edgena Clara Camar\u00e3o, [&hellip;]<\/p>\n","protected":false},"author":1,"featured_media":2782,"comment_status":"closed","ping_status":"closed","sticky":false,"template":"","format":"standard","meta":{"footnotes":""},"categories":[13],"tags":[],"class_list":["post-2781","post","type-post","status-publish","format-standard","has-post-thumbnail","hentry","category-fashion"],"_links":{"self":[{"href":"https:\/\/mundodocarnaval.com.br\/pt_br\/wp-json\/wp\/v2\/posts\/2781","targetHints":{"allow":["GET"]}}],"collection":[{"href":"https:\/\/mundodocarnaval.com.br\/pt_br\/wp-json\/wp\/v2\/posts"}],"about":[{"href":"https:\/\/mundodocarnaval.com.br\/pt_br\/wp-json\/wp\/v2\/types\/post"}],"author":[{"embeddable":true,"href":"https:\/\/mundodocarnaval.com.br\/pt_br\/wp-json\/wp\/v2\/users\/1"}],"replies":[{"embeddable":true,"href":"https:\/\/mundodocarnaval.com.br\/pt_br\/wp-json\/wp\/v2\/comments?post=2781"}],"version-history":[{"count":1,"href":"https:\/\/mundodocarnaval.com.br\/pt_br\/wp-json\/wp\/v2\/posts\/2781\/revisions"}],"predecessor-version":[{"id":2783,"href":"https:\/\/mundodocarnaval.com.br\/pt_br\/wp-json\/wp\/v2\/posts\/2781\/revisions\/2783"}],"wp:featuredmedia":[{"embeddable":true,"href":"https:\/\/mundodocarnaval.com.br\/pt_br\/wp-json\/wp\/v2\/media\/2782"}],"wp:attachment":[{"href":"https:\/\/mundodocarnaval.com.br\/pt_br\/wp-json\/wp\/v2\/media?parent=2781"}],"wp:term":[{"taxonomy":"category","embeddable":true,"href":"https:\/\/mundodocarnaval.com.br\/pt_br\/wp-json\/wp\/v2\/categories?post=2781"},{"taxonomy":"post_tag","embeddable":true,"href":"https:\/\/mundodocarnaval.com.br\/pt_br\/wp-json\/wp\/v2\/tags?post=2781"}],"curies":[{"name":"wp","href":"https:\/\/api.w.org\/{rel}","templated":true}]}}