{"id":2784,"date":"2025-06-01T10:36:45","date_gmt":"2025-06-01T13:36:45","guid":{"rendered":"https:\/\/mundodocarnaval.com.br\/?p=2784"},"modified":"2025-06-01T10:36:45","modified_gmt":"2025-06-01T13:36:45","slug":"arraia-do-salgueiro-movimenta-o-andarai-com-tres-dias-de-festa-junina-gratuita","status":"publish","type":"post","link":"https:\/\/mundodocarnaval.com.br\/pt_br\/arraia-do-salgueiro-movimenta-o-andarai-com-tres-dias-de-festa-junina-gratuita\/","title":{"rendered":"Arrai\u00e1 do Salgueiro movimenta o Andara\u00ed com tr\u00eas dias de festa junina gratuita"},"content":{"rendered":"<p>Arrai\u00e1 do Salgueiro movimenta o Andara\u00ed com tr\u00eas dias de festa junina gratuita<\/p>\n<p>O tradicional Arrai\u00e1 do Salgueiro est\u00e1 de volta e promete transformar a Rua Silva Teles em uma verdadeira festa na ro\u00e7a, nos dias 6, 7 e 8 de junho. Com entrada gratuita, o evento ter\u00e1 programa\u00e7\u00e3o para todas as idades, com muito forr\u00f3, comidas t\u00edpicas, brincadeiras e aquele clima acolhedor que j\u00e1 virou marca registrada do GRES Acad\u00eamicos do Salgueiro.<\/p>\n<p>Durante os tr\u00eas dias, o p\u00fablico poder\u00e1 curtir trio p\u00e9 de serra ao vivo, barraquinhas com quitutes juninos como canjica, milho, bolo de aipim, caldo, quent\u00e3o e muito mais, al\u00e9m de uma \u00e1rea kids especial para a crian\u00e7ada se divertir com seguran\u00e7a. Tudo isso em clima de arraial, com bandeirinhas, trajes caipiras e a anima\u00e7\u00e3o do povo salgueirense.<\/p>\n<p>A festa acontece em frente \u00e0 quadra da escola, no cora\u00e7\u00e3o do Andara\u00ed, zona norte do Rio, e \u00e9 ideal para quem busca uma celebra\u00e7\u00e3o t\u00edpica, acess\u00edvel e familiar.<\/p>\n<p>Servi\u00e7o \u2013 Arrai\u00e1 do Salgueiro 2024<\/p>\n<p>Datas e hor\u00e1rios:\u2028<br \/>\n\u2022 Quinta-feira, 6 de junho \u2013 das 17h \u00e0s 00h\u2028<br \/>\n\u2022 Sexta-feira, 7 de junho \u2013 das 17h \u00e0s 00h\u2028<br \/>\n\u2022 S\u00e1bado, 8 de junho \u2013 das 16h \u00e0s 22h<br \/>\nLocal: Rua Silva Teles, 104 \u2013 Andara\u00ed, Rio de Janeiro (na altura da quadra do GRES Acad\u00eamicos do Salgueiro)<br \/>\nEntrada: Gratuita\u2028Atra\u00e7\u00f5es: Trio p\u00e9 de serra, barracas de comidas t\u00edpicas, \u00e1rea kids, decora\u00e7\u00e3o junina e muito forr\u00f3\u2028Classifica\u00e7\u00e3o: Livre<\/p>\n","protected":false},"excerpt":{"rendered":"<p>Arrai\u00e1 do Salgueiro movimenta o Andara\u00ed com tr\u00eas dias de festa junina gratuita O tradicional Arrai\u00e1 do Salgueiro est\u00e1 de volta e promete transformar a Rua Silva Teles em uma verdadeira festa na ro\u00e7a, nos dias 6, 7 e 8 de junho. Com entrada gratuita, o evento ter\u00e1 programa\u00e7\u00e3o para todas as idades, com muito [&hellip;]<\/p>\n","protected":false},"author":1,"featured_media":2785,"comment_status":"closed","ping_status":"closed","sticky":false,"template":"","format":"standard","meta":{"footnotes":""},"categories":[11],"tags":[],"class_list":["post-2784","post","type-post","status-publish","format-standard","has-post-thumbnail","hentry","category-noticias"],"_links":{"self":[{"href":"https:\/\/mundodocarnaval.com.br\/pt_br\/wp-json\/wp\/v2\/posts\/2784","targetHints":{"allow":["GET"]}}],"collection":[{"href":"https:\/\/mundodocarnaval.com.br\/pt_br\/wp-json\/wp\/v2\/posts"}],"about":[{"href":"https:\/\/mundodocarnaval.com.br\/pt_br\/wp-json\/wp\/v2\/types\/post"}],"author":[{"embeddable":true,"href":"https:\/\/mundodocarnaval.com.br\/pt_br\/wp-json\/wp\/v2\/users\/1"}],"replies":[{"embeddable":true,"href":"https:\/\/mundodocarnaval.com.br\/pt_br\/wp-json\/wp\/v2\/comments?post=2784"}],"version-history":[{"count":1,"href":"https:\/\/mundodocarnaval.com.br\/pt_br\/wp-json\/wp\/v2\/posts\/2784\/revisions"}],"predecessor-version":[{"id":2786,"href":"https:\/\/mundodocarnaval.com.br\/pt_br\/wp-json\/wp\/v2\/posts\/2784\/revisions\/2786"}],"wp:featuredmedia":[{"embeddable":true,"href":"https:\/\/mundodocarnaval.com.br\/pt_br\/wp-json\/wp\/v2\/media\/2785"}],"wp:attachment":[{"href":"https:\/\/mundodocarnaval.com.br\/pt_br\/wp-json\/wp\/v2\/media?parent=2784"}],"wp:term":[{"taxonomy":"category","embeddable":true,"href":"https:\/\/mundodocarnaval.com.br\/pt_br\/wp-json\/wp\/v2\/categories?post=2784"},{"taxonomy":"post_tag","embeddable":true,"href":"https:\/\/mundodocarnaval.com.br\/pt_br\/wp-json\/wp\/v2\/tags?post=2784"}],"curies":[{"name":"wp","href":"https:\/\/api.w.org\/{rel}","templated":true}]}}