{"id":2791,"date":"2025-06-02T17:58:29","date_gmt":"2025-06-02T20:58:29","guid":{"rendered":"https:\/\/mundodocarnaval.com.br\/?p=2791"},"modified":"2025-06-02T17:58:29","modified_gmt":"2025-06-02T20:58:29","slug":"ze-ketti-eu-quero-matar-a-saudade","status":"publish","type":"post","link":"https:\/\/mundodocarnaval.com.br\/pt_br\/ze-ketti-eu-quero-matar-a-saudade\/","title":{"rendered":"\u201cZ\u00e9 Ketti, Eu Quero Matar a Saudade!\u201d"},"content":{"rendered":"<p>Cr\u00e9dito da Foto: Caio Cezar<\/p>\n<p>\u201cZ\u00e9 Ketti, Eu Quero Matar a Saudade!\u201d<br \/>\nHomenagem ao cantor e compositor nascido na Zona Norte chega \u00e0s Arenas da cidade<br \/>\nEspet\u00e1culo traz m\u00fasicas e sete personagens do universo criativo do artista<\/p>\n<p>Jos\u00e9 Flores de Jesus, o Z\u00e9 Ketti, um dos maiores nomes do samba carioca e brasileiro ganha o tributo \u201cZ\u00e9 Ketti, Eu Quero Matar a Saudade!\u201d, espet\u00e1culo aborda a vida e a obra do cantor e compositor de v\u00e1rios sucessos como Opini\u00e3o, M\u00e1scara Negra, Diz que Fui por A\u00ed, Acender as Velas, dentre tantas outras can\u00e7\u00f5es que marcaram a musicalidade brasileira. O espet\u00e1culo realiza circula\u00e7\u00e3o em espa\u00e7os populares da cidade do Rio de Janeiro, a partir de 03 de junho.<\/p>\n<p>Com texto de Cadu Caetano e dire\u00e7\u00e3o geral de M\u00e1rcio Vieira, \u201cZ\u00e9 Ketti, Eu Quero Matar a Saudade!\u201d perpassa por temas como a malandragem e a boemia da Cidade Maravilhosa. Z\u00e9 Ketti nasceu em Inha\u00fama, sub\u00farbio da Zona Norte Carioca, sempre cantou seus amores, dissabores, gritos de resist\u00eancia e as viv\u00eancias dos moradores de periferias. M\u00e1rcio revela que a dire\u00e7\u00e3o \u00e9 muito baseada no Teatro de Opini\u00e3o e pontua que o melhor momento de Z\u00e9 Ketti foi dentro dessa base, com outros companheiros que acreditavam na mesma linha que ele. <\/p>\n<p>O diretor geral, M\u00e1rcio Vieira, lembra que \u00e9 o momento de retirar Z\u00e9 Ketti do apagamento que sofreu ao passar dos anos, principalmente depois de seu falecimento, em 1999, trazendo \u00e0 luz o autor das mais de 200 obras catalogadas e poucas vezes citado e homenageado. Ele diz ainda que se sentiu lisonjeado e com uma responsabilidade grande em fazer essa homenagem ao artista .<\/p>\n<p>\u201cObviamente me sinto honrado, respons\u00e1vel, mas precisamos entender o que motivou esse apagamento da mem\u00f3ria do Z\u00e9 Ketti, mesmo sabendo, de antem\u00e3o, que um dos grandes motivadores, qui\u00e7\u00e1 o maior, \u00e9 o preconceito em torno do samba, da comunidade, da periferia. N\u00e3o era aceito que esse ritmo que vem dos morros chegasse ao asfalto\u201c, pontua M\u00e1rcio Vieira. <\/p>\n<p>\u201c\u00c9 como se fosse um grande show no teatro, com um jogo c\u00eanico usando o elemento simb\u00f3lico da mesa, representando a uni\u00e3o familiar, de corti\u00e7o, de sub\u00farbio com churrasco, feijoada e um bom samba para completar o domingo nas periferias cariocas\u201d, explica o diretor.  <\/p>\n<p>Idealizada e produzida por Leandro Santanna, a obra \u00e9 uma parceria entre a Companhia Teatral Queimados Encena e a Associa\u00e7\u00e3o de Amigos Jos\u00e9 Bonif\u00e1cio (AAJOB), e tem o objetivo do musical \u00e9 reverenciar o artista negro do Rio de Janeiro que cantou o samba, as comunidades, a malandragem, seus amores e o samba de protesto. <\/p>\n<p>Este projeto \u00e9 contemplado pelo edital Pr\u00f3-Carioca, programa de fomento \u00e0 cultura carioca, da Prefeitura da Cidade do Rio de Janeiro, atrav\u00e9s da Secretaria Municipal de Cultura.<\/p>\n<p>SERVI\u00c7O<br \/>\nCircula\u00e7\u00e3o: Musical \u201cZ\u00e9 Ketti, Eu Quero Matar a Saudade!\u201d<br \/>\n03 e 04 de junho &#8211; 15h &#8211; Biblioteca Jo\u00e3o do Rio &#8211; Av. Monsenhor F\u00e9lix, 512 &#8211; Iraj\u00e1, Rio de Janeiro \u2013 RJ.  Entrada gratuita<\/p>\n","protected":false},"excerpt":{"rendered":"<p>Cr\u00e9dito da Foto: Caio Cezar \u201cZ\u00e9 Ketti, Eu Quero Matar a Saudade!\u201d Homenagem ao cantor e compositor nascido na Zona Norte chega \u00e0s Arenas da cidade Espet\u00e1culo traz m\u00fasicas e sete personagens do universo criativo do artista Jos\u00e9 Flores de Jesus, o Z\u00e9 Ketti, um dos maiores nomes do samba carioca e brasileiro ganha o [&hellip;]<\/p>\n","protected":false},"author":1,"featured_media":2792,"comment_status":"closed","ping_status":"closed","sticky":false,"template":"","format":"standard","meta":{"footnotes":""},"categories":[11],"tags":[],"class_list":["post-2791","post","type-post","status-publish","format-standard","has-post-thumbnail","hentry","category-noticias"],"_links":{"self":[{"href":"https:\/\/mundodocarnaval.com.br\/pt_br\/wp-json\/wp\/v2\/posts\/2791","targetHints":{"allow":["GET"]}}],"collection":[{"href":"https:\/\/mundodocarnaval.com.br\/pt_br\/wp-json\/wp\/v2\/posts"}],"about":[{"href":"https:\/\/mundodocarnaval.com.br\/pt_br\/wp-json\/wp\/v2\/types\/post"}],"author":[{"embeddable":true,"href":"https:\/\/mundodocarnaval.com.br\/pt_br\/wp-json\/wp\/v2\/users\/1"}],"replies":[{"embeddable":true,"href":"https:\/\/mundodocarnaval.com.br\/pt_br\/wp-json\/wp\/v2\/comments?post=2791"}],"version-history":[{"count":1,"href":"https:\/\/mundodocarnaval.com.br\/pt_br\/wp-json\/wp\/v2\/posts\/2791\/revisions"}],"predecessor-version":[{"id":2793,"href":"https:\/\/mundodocarnaval.com.br\/pt_br\/wp-json\/wp\/v2\/posts\/2791\/revisions\/2793"}],"wp:featuredmedia":[{"embeddable":true,"href":"https:\/\/mundodocarnaval.com.br\/pt_br\/wp-json\/wp\/v2\/media\/2792"}],"wp:attachment":[{"href":"https:\/\/mundodocarnaval.com.br\/pt_br\/wp-json\/wp\/v2\/media?parent=2791"}],"wp:term":[{"taxonomy":"category","embeddable":true,"href":"https:\/\/mundodocarnaval.com.br\/pt_br\/wp-json\/wp\/v2\/categories?post=2791"},{"taxonomy":"post_tag","embeddable":true,"href":"https:\/\/mundodocarnaval.com.br\/pt_br\/wp-json\/wp\/v2\/tags?post=2791"}],"curies":[{"name":"wp","href":"https:\/\/api.w.org\/{rel}","templated":true}]}}