{"id":2794,"date":"2025-06-02T18:07:00","date_gmt":"2025-06-02T21:07:00","guid":{"rendered":"https:\/\/mundodocarnaval.com.br\/?p=2794"},"modified":"2025-06-02T18:13:00","modified_gmt":"2025-06-02T21:13:00","slug":"inocentes-com-glamour-deu-pontape-para-o-carnaval-de-2026","status":"publish","type":"post","link":"https:\/\/mundodocarnaval.com.br\/pt_br\/inocentes-com-glamour-deu-pontape-para-o-carnaval-de-2026\/","title":{"rendered":"Inocentes com glamour deu pontap\u00e9 para o carnaval de 2026"},"content":{"rendered":"<p>Com glamour e alegria, a Inocentes de Belford Roxo deu o pontap\u00e9 inicial para 2026, com um jantar em um sal\u00e3o de festa da cidade com show de Ito Melodia e apresenta\u00e7\u00e3o dos novos contratados e renovados, que ajudar\u00e3o a contar o enredo \u201cO sonho de um tal pagode russo nos frevos do meu Pernambuco\u201d., na Sexta-Feira de Carnaval, na Sapuca\u00ed.<\/p>\n<p>O presidente de Honra Reginaldo Gomes abriu a cerim\u00f4nia de apresenta\u00e7\u00e3o ao lado do seu filho tamb\u00e9m, presidente de Honra Rodrigo Gomes, desejando boas-vindas a todos, falou das dificuldades e desafios desde que assumiu a escola, agradeceu ao prefeito M\u00e1rcio Canella e elogiou Edson Pereira e Ito Melodia,<\/p>\n<p>\u201c Sou muito grato aos amigos que participaram no nosso \u00faltimo desfile e que n\u00e3o estar\u00e3o conosco no pr\u00f3ximo. Foi uma decis\u00e3o dif\u00edcil essa separa\u00e7\u00e3o, principalmente, quando se tem carinho pelas pessoas. Quando assumi a escola, em 1998, n\u00e3o t\u00ednhamos carro aleg\u00f3rico, havia uma vala no meio da quadra, n\u00e3o havia banheiro. Mas evolu\u00edmos, mudamos essa hist\u00f3ria, desfilamos um ano no Grupo Especial e somos uma pot\u00eancia. Devido a quest\u00f5es pol\u00edticas tivemos que ensaiar em outro munic\u00edpio, mas nosso atual prefeito M\u00e1rcio Canella, nos trouxe de volta e somos eternamente gratos. A Inocentes \u00e9 um expoente da cultura, gera emprego, gera turismo. Hoje \u00e9 s\u00f3 o pontap\u00e9 inicial, reunindo o cora\u00e7\u00e3o da escola. No dia 13 de julho ser\u00e1 a grande festa oficial do samba-enredo. Temos hoje uma equipe forte, com Edson Pereira, que sempre admirei profissionalmente  e estou conhecendo melhor agora, um ser humano incr\u00edvel. O Ito, essa pot\u00eancia de voz e meu amigo , sempre presente nos meus eventos. A Inocentes vai representar muito bem Pernambuco na Sapuca\u00ed\u201d finalizou Reginaldo Gomes.<\/p>\n<p>Em seguida convidou o presidente da Liga RJ, Hugo Junior, ao palco. Ele elogiou a festa, agradeceu as manifesta\u00e7\u00f5es de carinho e falou que a Inocentes ajuda a enriquecer o desfile da S\u00e9rie Ouro.<\/p>\n<p>Logo ap\u00f3s, apresentou os artistas que tiveram seus contratos renovados, entre eles o mestre Washington Paz. E iniciou a apresenta\u00e7\u00e3o dos novos contratados: o carnavalesco Edson Pereira, que fez explana\u00e7\u00e3o sobre o enredo; o novo primeiro casal de mestre-sala e porta-bandeira, Vinicius e Thain\u00e1; o int\u00e9rprete Ito Melodia; os core\u00f3grafos da comiss\u00e3o de frente, S\u00e9rgio Lobato e Patr\u00edcia Salgado; o diretor Geral de Carnaval Julinho Fonseca; diretores Gerais de Harmonia Leonardo Brand\u00e3o e Vitor Leite.<\/p>\n<p>Estiveram presente no evento sambista e autoridades, entre elas: diretora geral de Carnaval da Liga RJ Carla Brito; presidente da Associa\u00e7\u00e3o Cultural Balaio Nordeste Joana Alves da Silva; Marcos Paulo Ribeiro Lopes Secret\u00e1rio de Comunica\u00e7\u00e3o Social; Diego Bastos Xavier secret\u00e1rio de Assist\u00eancia Social e Combate a Fome; Rafael Vin\u00edcius subsecret\u00e1rio de Turismo e Eventos; compositor Claudio Russo, mestre Juninho da Unidos da Ponte.<\/p>\n<p>A Ca\u00e7ulinha da Baixada ser\u00e1 a segunda agremia\u00e7\u00e3o da S\u00e9rie Ouro da Liga RJ a desfilar, na Sexta-Feira da folia, no Samb\u00f3dromo, mostrando a cultura pernambucana, e suas manifesta\u00e7\u00f5es art\u00edsticas, como o frevo e o forr\u00f3.<\/p>\n<p>Foto (fot\u00f3grafo William Davolli) 1: Equipe do Carnaval de 2026 da Inocentes de Belford Roxo<\/p>\n<p>Foto (fot\u00f3grafo William Davolli) 2: Presidente das Liga RJ Hugo Junior (E), Presidente de Honra Rodrigo Gomes, presidente de Honra Reginaldo Gomes e diretora Geral de Carnaval da Liga RJ Carla Brito<\/p>\n<p>Foto (fot\u00f3grafo William Davolli) 3: Carnavalesco Edson Pereira<\/p>\n","protected":false},"excerpt":{"rendered":"<p>Com glamour e alegria, a Inocentes de Belford Roxo deu o pontap\u00e9 inicial para 2026, com um jantar em um sal\u00e3o de festa da cidade com show de Ito Melodia e apresenta\u00e7\u00e3o dos novos contratados e renovados, que ajudar\u00e3o a contar o enredo \u201cO sonho de um tal pagode russo nos frevos do meu Pernambuco\u201d., [&hellip;]<\/p>\n","protected":false},"author":1,"featured_media":2795,"comment_status":"closed","ping_status":"closed","sticky":false,"template":"","format":"standard","meta":{"footnotes":""},"categories":[13],"tags":[],"class_list":["post-2794","post","type-post","status-publish","format-standard","has-post-thumbnail","hentry","category-fashion"],"_links":{"self":[{"href":"https:\/\/mundodocarnaval.com.br\/pt_br\/wp-json\/wp\/v2\/posts\/2794","targetHints":{"allow":["GET"]}}],"collection":[{"href":"https:\/\/mundodocarnaval.com.br\/pt_br\/wp-json\/wp\/v2\/posts"}],"about":[{"href":"https:\/\/mundodocarnaval.com.br\/pt_br\/wp-json\/wp\/v2\/types\/post"}],"author":[{"embeddable":true,"href":"https:\/\/mundodocarnaval.com.br\/pt_br\/wp-json\/wp\/v2\/users\/1"}],"replies":[{"embeddable":true,"href":"https:\/\/mundodocarnaval.com.br\/pt_br\/wp-json\/wp\/v2\/comments?post=2794"}],"version-history":[{"count":1,"href":"https:\/\/mundodocarnaval.com.br\/pt_br\/wp-json\/wp\/v2\/posts\/2794\/revisions"}],"predecessor-version":[{"id":2796,"href":"https:\/\/mundodocarnaval.com.br\/pt_br\/wp-json\/wp\/v2\/posts\/2794\/revisions\/2796"}],"wp:featuredmedia":[{"embeddable":true,"href":"https:\/\/mundodocarnaval.com.br\/pt_br\/wp-json\/wp\/v2\/media\/2795"}],"wp:attachment":[{"href":"https:\/\/mundodocarnaval.com.br\/pt_br\/wp-json\/wp\/v2\/media?parent=2794"}],"wp:term":[{"taxonomy":"category","embeddable":true,"href":"https:\/\/mundodocarnaval.com.br\/pt_br\/wp-json\/wp\/v2\/categories?post=2794"},{"taxonomy":"post_tag","embeddable":true,"href":"https:\/\/mundodocarnaval.com.br\/pt_br\/wp-json\/wp\/v2\/tags?post=2794"}],"curies":[{"name":"wp","href":"https:\/\/api.w.org\/{rel}","templated":true}]}}