{"id":2800,"date":"2025-06-02T20:25:27","date_gmt":"2025-06-02T23:25:27","guid":{"rendered":"https:\/\/mundodocarnaval.com.br\/?p=2800"},"modified":"2025-06-02T20:25:27","modified_gmt":"2025-06-02T23:25:27","slug":"kamila-forysiak-e-a-nova-musa-da-em-cima-da-hora","status":"publish","type":"post","link":"https:\/\/mundodocarnaval.com.br\/pt_br\/kamila-forysiak-e-a-nova-musa-da-em-cima-da-hora\/","title":{"rendered":"Kamila Forysiak \u00e9 a nova musa da Em Cima da Hora"},"content":{"rendered":"<p>Kamila Forysiak \u00e9 a nova musa da Em Cima da Hora para 2026<\/p>\n<p>A Em Cima da Hora j\u00e1 come\u00e7ou a montar o seu time de musas para o carnaval de 2026. Uma das primeiras confirmadas \u00e9 a polonesa Kamila Forysiak. Conhecendo o samba atrav\u00e9s de amigos e eventos culturais, a musa se apaixonou pela alegria, energia e hist\u00f3ria que o samba carrega. Ser\u00e1 a sua estreia como Musa na Marqu\u00eas de Sapuca\u00ed.<\/p>\n<p>&#8211; Minha expectativa \u00e9 representar com orgulho, mostrar minha paix\u00e3o pelo samba e pela cultura brasileira, e inspirar outras pessoas a se conectarem com essa arte maravilhosa. Quero levar energia positiva, alegria e autenticidade, e fazer de 2026 um ano inesquec\u00edvel para todos! \u2013 revela a Musa.<\/p>\n<p>Kamila v\u00ea o samba como uma inspira\u00e7\u00e3o pela sua autenticidade e capacidade de unir as pessoas. Define o carnaval como uma express\u00e3o de alegria, resist\u00eancia e esperan\u00e7a, e me motiva a ser mais confiante, a celebrar a vida e a valorizar a cultura brasileira. Kamila integra o grupo @poderosas_do_samba que a cada ano vem revelando grandes nomes na Marqu\u00eas de Sapuca\u00ed.<\/p>\n<p>Fotos: Divulga\u00e7\u00e3o<br \/>\nSugest\u00f5es para collab<br \/>\n@poderosas_do_samba<br \/>\n@kami_bailar<br \/>\n@kami_for_<\/p>\n","protected":false},"excerpt":{"rendered":"<p>Kamila Forysiak \u00e9 a nova musa da Em Cima da Hora para 2026 A Em Cima da Hora j\u00e1 come\u00e7ou a montar o seu time de musas para o carnaval de 2026. Uma das primeiras confirmadas \u00e9 a polonesa Kamila Forysiak. Conhecendo o samba atrav\u00e9s de amigos e eventos culturais, a musa se apaixonou pela [&hellip;]<\/p>\n","protected":false},"author":1,"featured_media":2801,"comment_status":"closed","ping_status":"closed","sticky":false,"template":"","format":"standard","meta":{"footnotes":""},"categories":[13],"tags":[],"class_list":["post-2800","post","type-post","status-publish","format-standard","has-post-thumbnail","hentry","category-fashion"],"_links":{"self":[{"href":"https:\/\/mundodocarnaval.com.br\/pt_br\/wp-json\/wp\/v2\/posts\/2800","targetHints":{"allow":["GET"]}}],"collection":[{"href":"https:\/\/mundodocarnaval.com.br\/pt_br\/wp-json\/wp\/v2\/posts"}],"about":[{"href":"https:\/\/mundodocarnaval.com.br\/pt_br\/wp-json\/wp\/v2\/types\/post"}],"author":[{"embeddable":true,"href":"https:\/\/mundodocarnaval.com.br\/pt_br\/wp-json\/wp\/v2\/users\/1"}],"replies":[{"embeddable":true,"href":"https:\/\/mundodocarnaval.com.br\/pt_br\/wp-json\/wp\/v2\/comments?post=2800"}],"version-history":[{"count":1,"href":"https:\/\/mundodocarnaval.com.br\/pt_br\/wp-json\/wp\/v2\/posts\/2800\/revisions"}],"predecessor-version":[{"id":2802,"href":"https:\/\/mundodocarnaval.com.br\/pt_br\/wp-json\/wp\/v2\/posts\/2800\/revisions\/2802"}],"wp:featuredmedia":[{"embeddable":true,"href":"https:\/\/mundodocarnaval.com.br\/pt_br\/wp-json\/wp\/v2\/media\/2801"}],"wp:attachment":[{"href":"https:\/\/mundodocarnaval.com.br\/pt_br\/wp-json\/wp\/v2\/media?parent=2800"}],"wp:term":[{"taxonomy":"category","embeddable":true,"href":"https:\/\/mundodocarnaval.com.br\/pt_br\/wp-json\/wp\/v2\/categories?post=2800"},{"taxonomy":"post_tag","embeddable":true,"href":"https:\/\/mundodocarnaval.com.br\/pt_br\/wp-json\/wp\/v2\/tags?post=2800"}],"curies":[{"name":"wp","href":"https:\/\/api.w.org\/{rel}","templated":true}]}}