{"id":2803,"date":"2025-06-02T20:37:48","date_gmt":"2025-06-02T23:37:48","guid":{"rendered":"https:\/\/mundodocarnaval.com.br\/?p=2803"},"modified":"2025-06-02T20:37:48","modified_gmt":"2025-06-02T23:37:48","slug":"uniao-de-marica-lanca-enredo-para-o-carnaval-2026","status":"publish","type":"post","link":"https:\/\/mundodocarnaval.com.br\/pt_br\/uniao-de-marica-lanca-enredo-para-o-carnaval-2026\/","title":{"rendered":"Uni\u00e3o de Maric\u00e1 lan\u00e7a enredo para o Carnaval 2026"},"content":{"rendered":"<p>Uni\u00e3o de Maric\u00e1 lan\u00e7a enredo para o Carnaval 2026 no pr\u00f3ximo s\u00e1bado (7)<br \/>\nEvento ter\u00e1 shows do grupo Awur\u00ea e do bloco Il\u00ea Aiy\u00ea com ingresso solid\u00e1rio<\/p>\n<p>A Uni\u00e3o de Maric\u00e1 vai revelar no s\u00e1bado (7) o enredo que levar\u00e1 para a Marqu\u00eas de Sapuca\u00ed no Carnaval 2026, criado pelo carnavalesco Leandro Vieira. A data marca o in\u00edcio da caminhada da escola rumo ao t\u00e3o sonhado acesso ao Grupo Especial. Para celebrar este momento decisivo, a agremia\u00e7\u00e3o est\u00e1 preparando uma grande festa em sua quadra, no Centro de Maric\u00e1, com shows do grupo Awur\u00ea e do tradicional bloco afro baiano Il\u00ea Aiy\u00ea.<\/p>\n<p>O evento tem in\u00edcio marcado para as 17h e a entrada ser\u00e1 solid\u00e1ria: 1kg de alimento n\u00e3o perec\u00edvel. Al\u00e9m das atra\u00e7\u00f5es convidadas, o p\u00fablico poder\u00e1 conferir apresenta\u00e7\u00f5es do elenco-show da Uni\u00e3o de Maric\u00e1, com a participa\u00e7\u00e3o da bateria, passistas, casal de mestre-sala e porta-bandeira e os demais segmentos. <\/p>\n<p>Matheus Santos, administrador da escola, destaca a import\u00e2ncia do evento como um momento especial para a comunidade. Segundo ele, a festa n\u00e3o \u00e9 apenas uma apresenta\u00e7\u00e3o de enredo, mas uma celebra\u00e7\u00e3o da for\u00e7a da escola, da sua identidade e da conex\u00e3o com o povo. <\/p>\n<p>&#8211; O lan\u00e7amento do enredo \u00e9 mais do que uma simples apresenta\u00e7\u00e3o, \u00e9 um momento simb\u00f3lico de renova\u00e7\u00e3o da nossa for\u00e7a e dos nossos sonhos. Estamos preparando uma noite especial, com muito carinho e entrega, para celebrar com quem faz a escola acontecer todos os dias. Esperamos todos de bra\u00e7os abertos para mais uma noite inesquec\u00edvel &#8211; disse Matheus.<\/p>\n<p>O novo enredo ser\u00e1 revelado ao p\u00fablico durante a festa e marcar\u00e1 oficialmente o in\u00edcio dos trabalhos rumo ao desfile de 2026. A escola ser\u00e1 a sexta a desfilar no s\u00e1bado de carnaval, dia 14 de fevereiro, na Marqu\u00eas de Sapuca\u00ed.<\/p>\n<p>Fotos: Leandro Andrade<\/p>\n","protected":false},"excerpt":{"rendered":"<p>Uni\u00e3o de Maric\u00e1 lan\u00e7a enredo para o Carnaval 2026 no pr\u00f3ximo s\u00e1bado (7) Evento ter\u00e1 shows do grupo Awur\u00ea e do bloco Il\u00ea Aiy\u00ea com ingresso solid\u00e1rio A Uni\u00e3o de Maric\u00e1 vai revelar no s\u00e1bado (7) o enredo que levar\u00e1 para a Marqu\u00eas de Sapuca\u00ed no Carnaval 2026, criado pelo carnavalesco Leandro Vieira. A data [&hellip;]<\/p>\n","protected":false},"author":1,"featured_media":2804,"comment_status":"closed","ping_status":"closed","sticky":false,"template":"","format":"standard","meta":{"footnotes":""},"categories":[1],"tags":[],"class_list":["post-2803","post","type-post","status-publish","format-standard","has-post-thumbnail","hentry","category-videos-em-destaques"],"_links":{"self":[{"href":"https:\/\/mundodocarnaval.com.br\/pt_br\/wp-json\/wp\/v2\/posts\/2803","targetHints":{"allow":["GET"]}}],"collection":[{"href":"https:\/\/mundodocarnaval.com.br\/pt_br\/wp-json\/wp\/v2\/posts"}],"about":[{"href":"https:\/\/mundodocarnaval.com.br\/pt_br\/wp-json\/wp\/v2\/types\/post"}],"author":[{"embeddable":true,"href":"https:\/\/mundodocarnaval.com.br\/pt_br\/wp-json\/wp\/v2\/users\/1"}],"replies":[{"embeddable":true,"href":"https:\/\/mundodocarnaval.com.br\/pt_br\/wp-json\/wp\/v2\/comments?post=2803"}],"version-history":[{"count":1,"href":"https:\/\/mundodocarnaval.com.br\/pt_br\/wp-json\/wp\/v2\/posts\/2803\/revisions"}],"predecessor-version":[{"id":2805,"href":"https:\/\/mundodocarnaval.com.br\/pt_br\/wp-json\/wp\/v2\/posts\/2803\/revisions\/2805"}],"wp:featuredmedia":[{"embeddable":true,"href":"https:\/\/mundodocarnaval.com.br\/pt_br\/wp-json\/wp\/v2\/media\/2804"}],"wp:attachment":[{"href":"https:\/\/mundodocarnaval.com.br\/pt_br\/wp-json\/wp\/v2\/media?parent=2803"}],"wp:term":[{"taxonomy":"category","embeddable":true,"href":"https:\/\/mundodocarnaval.com.br\/pt_br\/wp-json\/wp\/v2\/categories?post=2803"},{"taxonomy":"post_tag","embeddable":true,"href":"https:\/\/mundodocarnaval.com.br\/pt_br\/wp-json\/wp\/v2\/tags?post=2803"}],"curies":[{"name":"wp","href":"https:\/\/api.w.org\/{rel}","templated":true}]}}