{"id":2806,"date":"2025-06-02T23:54:55","date_gmt":"2025-06-03T02:54:55","guid":{"rendered":"https:\/\/mundodocarnaval.com.br\/?p=2806"},"modified":"2025-06-02T23:54:55","modified_gmt":"2025-06-03T02:54:55","slug":"liga-rj-renova-contrato-com-a-band-tv-para-transmissao-da-serie-ouro","status":"publish","type":"post","link":"https:\/\/mundodocarnaval.com.br\/pt_br\/liga-rj-renova-contrato-com-a-band-tv-para-transmissao-da-serie-ouro\/","title":{"rendered":"Liga RJ renova contrato com a Band TV para transmiss\u00e3o da S\u00e9rie Ouro"},"content":{"rendered":"<p>Liga RJ renova contrato com a Band TV para transmiss\u00e3o da S\u00e9rie Ouro por mais tr\u00eas anos<br \/>\nAcordo foi assinado nesta segunda-feira, na sede da emissora, em Botafogo<br \/>\nNa tarde desta segunda-feira (2), a Liga RJ assinou a renova\u00e7\u00e3o do contrato com a Band TV para a transmiss\u00e3o dos desfiles da S\u00e9rie Ouro pelos pr\u00f3ximos tr\u00eas anos. O ato aconteceu na sede da emissora, em Botafogo, Zona Sul do Rio, com a presen\u00e7a do presidente Hugo Junior e de Andr\u00e9 Marini, diretor-geral da Band Rio.<\/p>\n<p>Hugo Junior celebrou a continuidade da parceria, destacando o papel fundamental da Band na valoriza\u00e7\u00e3o e visibilidade dos desfiles da S\u00e9rie Ouro. Segundo ele, a emissora tem se mostrado uma aliada importante na promo\u00e7\u00e3o do carnaval e no fortalecimento do trabalho das escolas.<\/p>\n<p>\u2014 A Band tem sido uma grande parceira da Liga RJ e das escolas da S\u00e9rie Ouro. A cobertura e a transmiss\u00e3o s\u00e3o sempre muito elogiadas, e isso tem contribu\u00eddo para dar ao nosso grupo o destaque que ela merece. Essa renova\u00e7\u00e3o \u00e9 motivo de comemora\u00e7\u00e3o para todos n\u00f3s \u2013 afirmou.<\/p>\n<p>Hugo tamb\u00e9m ressaltou os avan\u00e7os conquistados ao longo da parceria, como a transmiss\u00e3o em rede para todo o Brasil e o Pr\u00eamio Band Folia, que reconhece talentos e destaques dos desfiles. Para ele, essa continuidade permite ampliar ainda mais os horizontes do espet\u00e1culo.<\/p>\n<p>\u2014 Estamos muito felizes em seguir com a Band por mais tr\u00eas anos. \u00c9 uma emissora que acredita no nosso projeto, investe em qualidade e entende a import\u00e2ncia do nosso carnaval. O Pr\u00eamio Band Folia, por exemplo, \u00e9 um s\u00edmbolo desse comprometimento e tem se consolidado como um momento especial para celebrar a arte e o esfor\u00e7o das agremia\u00e7\u00f5es, al\u00e9m de todas as mat\u00e9rias especiais, a transmiss\u00e3o para o pa\u00eds, dentre diversas a\u00e7\u00f5es \u2013 completou Hugo Junior.<\/p>\n<p>Durante o encontro, Andr\u00e9 Marini refor\u00e7ou o compromisso da Band com o carnaval carioca e enalteceu o papel das escolas como protagonistas culturais da cidade:<\/p>\n<p>\u2014 As escolas de samba s\u00e3o pilares da identidade cultural do Rio de Janeiro, verdadeiras guardi\u00e3s da mem\u00f3ria, da criatividade popular e da alma vibrante da cidade. Por isso, a Band agradece a confian\u00e7a dos presidentes das escolas de samba da S\u00e9rie Ouro \u2013 afirmou o diretor-geral da Band Rio.<\/p>\n<p>A Band j\u00e1 transmite os desfiles da S\u00e9rie Ouro h\u00e1 tr\u00eas carnavais. Com a renova\u00e7\u00e3o, a emissora passa a ter os direitos de exibi\u00e7\u00e3o at\u00e9 2028. No pr\u00f3ximo ano, as 15 escolas do grupo desfilar\u00e3o nos dias 13 e 14 de fevereiro, na Marqu\u00eas de Sapuca\u00ed, sendo sete na primeira noite e oito na segunda.<\/p>\n<p>Fotos: Band Rio\/Larissa Vieira<\/p>\n","protected":false},"excerpt":{"rendered":"<p>Liga RJ renova contrato com a Band TV para transmiss\u00e3o da S\u00e9rie Ouro por mais tr\u00eas anos Acordo foi assinado nesta segunda-feira, na sede da emissora, em Botafogo Na tarde desta segunda-feira (2), a Liga RJ assinou a renova\u00e7\u00e3o do contrato com a Band TV para a transmiss\u00e3o dos desfiles da S\u00e9rie Ouro pelos pr\u00f3ximos [&hellip;]<\/p>\n","protected":false},"author":1,"featured_media":2807,"comment_status":"closed","ping_status":"closed","sticky":false,"template":"","format":"standard","meta":{"footnotes":""},"categories":[11],"tags":[],"class_list":["post-2806","post","type-post","status-publish","format-standard","has-post-thumbnail","hentry","category-noticias"],"_links":{"self":[{"href":"https:\/\/mundodocarnaval.com.br\/pt_br\/wp-json\/wp\/v2\/posts\/2806","targetHints":{"allow":["GET"]}}],"collection":[{"href":"https:\/\/mundodocarnaval.com.br\/pt_br\/wp-json\/wp\/v2\/posts"}],"about":[{"href":"https:\/\/mundodocarnaval.com.br\/pt_br\/wp-json\/wp\/v2\/types\/post"}],"author":[{"embeddable":true,"href":"https:\/\/mundodocarnaval.com.br\/pt_br\/wp-json\/wp\/v2\/users\/1"}],"replies":[{"embeddable":true,"href":"https:\/\/mundodocarnaval.com.br\/pt_br\/wp-json\/wp\/v2\/comments?post=2806"}],"version-history":[{"count":1,"href":"https:\/\/mundodocarnaval.com.br\/pt_br\/wp-json\/wp\/v2\/posts\/2806\/revisions"}],"predecessor-version":[{"id":2808,"href":"https:\/\/mundodocarnaval.com.br\/pt_br\/wp-json\/wp\/v2\/posts\/2806\/revisions\/2808"}],"wp:featuredmedia":[{"embeddable":true,"href":"https:\/\/mundodocarnaval.com.br\/pt_br\/wp-json\/wp\/v2\/media\/2807"}],"wp:attachment":[{"href":"https:\/\/mundodocarnaval.com.br\/pt_br\/wp-json\/wp\/v2\/media?parent=2806"}],"wp:term":[{"taxonomy":"category","embeddable":true,"href":"https:\/\/mundodocarnaval.com.br\/pt_br\/wp-json\/wp\/v2\/categories?post=2806"},{"taxonomy":"post_tag","embeddable":true,"href":"https:\/\/mundodocarnaval.com.br\/pt_br\/wp-json\/wp\/v2\/tags?post=2806"}],"curies":[{"name":"wp","href":"https:\/\/api.w.org\/{rel}","templated":true}]}}