{"id":2809,"date":"2025-06-03T00:11:20","date_gmt":"2025-06-03T03:11:20","guid":{"rendered":"https:\/\/mundodocarnaval.com.br\/?p=2809"},"modified":"2025-06-03T00:11:54","modified_gmt":"2025-06-03T03:11:54","slug":"carolina-maria-de-jesus-e-o-enredo-da-unidos-da-tijuca-para-o-carnaval","status":"publish","type":"post","link":"https:\/\/mundodocarnaval.com.br\/pt_br\/carolina-maria-de-jesus-e-o-enredo-da-unidos-da-tijuca-para-o-carnaval\/","title":{"rendered":"Carolina Maria de Jesus \u00e9 o enredo da Unidos da Tijuca para o Carnaval"},"content":{"rendered":"<p>Carolina Maria de Jesus \u00e9 o enredo da Unidos da Tijuca para o Carnaval 2026<\/p>\n<p>Entrega e explana\u00e7\u00e3o da sinopse aos compositores acontece nesta ter\u00e7a \u00e0s 19h no barrac\u00e3o<\/p>\n<p>Fechando a segunda-feira de Carnaval, a Unidos da Tijuca levar\u00e1 para a Sapuca\u00ed como tema do seu enredo a maior escritora negra do Brasil: Carolina Maria de Jesus.<\/p>\n<p>Resgatar o passado, recuperar uma identidade e construir para o futuro uma nova perspectiva. Esse ser\u00e1 o lema da Unidos da Tijuca para 2026. O enredo ser\u00e1 uma homenagem a escritora, memorialista, compositora e multi-artista mineira, autora do best-seller &#8220;Quarto de Despejo &#8211; O Di\u00e1rio de uma favelada&#8221;, considerado uma das mais revolucion\u00e1rias e impactantes obras da literatura brasileira.<\/p>\n<p>Ante o apagamento hist\u00f3rico da homenageada e dos r\u00f3tulos que reca\u00edram sobre sua figura por mais de meio s\u00e9culo, ser\u00e1 a miss\u00e3o da escola contar a hist\u00f3ria de sua vida atrav\u00e9s de suas pr\u00f3prias produ\u00e7\u00f5es, colocando-a como espelho de um Brasil que ainda pouco se conhece, e que muito precisa aprender sobre os seus.<\/p>\n<p>-O t\u00edtulo &#8211; o pr\u00f3prio nome da autora, \u2018Carolina Maria de Jesus\u2019 ainda alvo de d\u00favidas e confus\u00f5es &#8211; foi escolhido em virtude da necessidade de afirmarmos sua identidade, de colocarmos em lugar de direito a &#8220;escritora que foi favelada&#8221; ao inv\u00e9s da &#8220;favelada que escrevia&#8221;. A agremia\u00e7\u00e3o desfraldar\u00e1, feito pavilh\u00e3o engalando, o len\u00e7o que foi a pris\u00e3o imag\u00e9tica de Carolina, coroando-a de livros, recortes e poesias, num reencontro sens\u00edvel e emocionante com a sua literatura visceral, verdadeira e comovente &#8211; explica o carnavalesco Edson Pereira.<\/p>\n<p>Em 2025 o Rio de Janeiro \u00e9 a capital mundial do livro, e a Unidos da Tijuca ser\u00e1, at\u00e9 aqui, a \u00fanica escola com enredo liter\u00e1rio do carnaval.  A \u00faltima vez que a agremia\u00e7\u00e3o trouxe uma biografia liter\u00e1ria como enredo, foi em 1982 com Lima Barreto, tamb\u00e9m negro e fundamental na constru\u00e7\u00e3o do ide\u00e1rio brasileiro.<\/p>\n<p>A entrega e explana\u00e7\u00e3o da sinopse aos compositores acontece nesta ter\u00e7a-feira, 3 de junho, \u00e0s 19h no barrac\u00e3o da escola na Cidade do Samba. A Unidos da Tijuca desfilar\u00e1 na Marqu\u00eas de Sapuca\u00ed dia 16 de fevereiro de 2026. O enredo ser\u00e1 desenvolvido pelo carnavalesco Edson Pereira.<\/p>\n<p>Imagens: reprodu\u00e7\u00e3o internet<\/p>\n","protected":false},"excerpt":{"rendered":"<p>Carolina Maria de Jesus \u00e9 o enredo da Unidos da Tijuca para o Carnaval 2026 Entrega e explana\u00e7\u00e3o da sinopse aos compositores acontece nesta ter\u00e7a \u00e0s 19h no barrac\u00e3o Fechando a segunda-feira de Carnaval, a Unidos da Tijuca levar\u00e1 para a Sapuca\u00ed como tema do seu enredo a maior escritora negra do Brasil: Carolina Maria [&hellip;]<\/p>\n","protected":false},"author":1,"featured_media":2810,"comment_status":"closed","ping_status":"closed","sticky":false,"template":"","format":"standard","meta":{"footnotes":""},"categories":[12],"tags":[],"class_list":["post-2809","post","type-post","status-publish","format-standard","has-post-thumbnail","hentry","category-grupo-especial"],"_links":{"self":[{"href":"https:\/\/mundodocarnaval.com.br\/pt_br\/wp-json\/wp\/v2\/posts\/2809","targetHints":{"allow":["GET"]}}],"collection":[{"href":"https:\/\/mundodocarnaval.com.br\/pt_br\/wp-json\/wp\/v2\/posts"}],"about":[{"href":"https:\/\/mundodocarnaval.com.br\/pt_br\/wp-json\/wp\/v2\/types\/post"}],"author":[{"embeddable":true,"href":"https:\/\/mundodocarnaval.com.br\/pt_br\/wp-json\/wp\/v2\/users\/1"}],"replies":[{"embeddable":true,"href":"https:\/\/mundodocarnaval.com.br\/pt_br\/wp-json\/wp\/v2\/comments?post=2809"}],"version-history":[{"count":1,"href":"https:\/\/mundodocarnaval.com.br\/pt_br\/wp-json\/wp\/v2\/posts\/2809\/revisions"}],"predecessor-version":[{"id":2811,"href":"https:\/\/mundodocarnaval.com.br\/pt_br\/wp-json\/wp\/v2\/posts\/2809\/revisions\/2811"}],"wp:featuredmedia":[{"embeddable":true,"href":"https:\/\/mundodocarnaval.com.br\/pt_br\/wp-json\/wp\/v2\/media\/2810"}],"wp:attachment":[{"href":"https:\/\/mundodocarnaval.com.br\/pt_br\/wp-json\/wp\/v2\/media?parent=2809"}],"wp:term":[{"taxonomy":"category","embeddable":true,"href":"https:\/\/mundodocarnaval.com.br\/pt_br\/wp-json\/wp\/v2\/categories?post=2809"},{"taxonomy":"post_tag","embeddable":true,"href":"https:\/\/mundodocarnaval.com.br\/pt_br\/wp-json\/wp\/v2\/tags?post=2809"}],"curies":[{"name":"wp","href":"https:\/\/api.w.org\/{rel}","templated":true}]}}