{"id":2812,"date":"2025-06-03T22:02:25","date_gmt":"2025-06-04T01:02:25","guid":{"rendered":"https:\/\/mundodocarnaval.com.br\/?p=2812"},"modified":"2025-06-03T22:02:26","modified_gmt":"2025-06-04T01:02:26","slug":"paraiso-do-tuiuti-retoma-aulas-de-samba-no-pe-em-projeto-de-passistas","status":"publish","type":"post","link":"https:\/\/mundodocarnaval.com.br\/pt_br\/paraiso-do-tuiuti-retoma-aulas-de-samba-no-pe-em-projeto-de-passistas\/","title":{"rendered":"Para\u00edso do Tuiuti retoma aulas de samba no p\u00e9 em projeto de passistas"},"content":{"rendered":"<p>Para\u00edso do Tuiuti retoma aulas de samba no p\u00e9 em projeto de passistas<\/p>\n<p>O Para\u00edso do Tuiuti retoma hoje (03), a partir das 20h, o projeto \u201cAos passos do Para\u00edso\u201d, coordenado por Alex Coutinho e Jorge Amarelloh. A iniciativa oferece aulas de samba no p\u00e9 para crian\u00e7as, adolescentes, jovens, adultos e idosos. Ser\u00e3o aceitas inscri\u00e7\u00f5es de interessados a partir dos 10 anos de idade (acompanhado de um respons\u00e1vel).<\/p>\n<p>Os candidatos ser\u00e3o divididos em duas turmas: uma infantil; a outra, para adultos. De acordo com os idealizadores do projeto, n\u00e3o h\u00e1 um limite m\u00e1ximo de idade para os interessados.<\/p>\n<p>\u201cNossa oficina \u00e9 para todas as idades. \u00c9 para aquela pessoa que quer desfilar de passista ou s\u00f3 sambar no churrasco do fim de semana\u201d, adianta Alex.<\/p>\n<p>Todas as aulas ocorrer\u00e3o \u00e0s ter\u00e7as-feiras, sempre a partir das 20h, na quadra do Tuiuti, no bairro de S\u00e3o Crist\u00f3v\u00e3o. Para a inscri\u00e7\u00e3o, \u00e9 preciso levar uma foto 3&#215;4, c\u00f3pia do RG, CPF (para quem tiver) e comprovante de resid\u00eancia. Para menores de idade, levar uma foto 3\u00d74, c\u00f3pia do RG ou certid\u00e3o de nascimento, comprovante de resid\u00eancia, declara\u00e7\u00e3o escolar, e c\u00f3pia do RG e CPF do respons\u00e1vel. A taxa de matr\u00edcula ser\u00e1 de R$ 80 (para confec\u00e7\u00e3o de uniformes).<\/p>\n<p>Os organizadores do projeto pedem que os alunos usem roupa de gin\u00e1stica preta e t\u00eanis.<\/p>\n<p>*foto de divulga\u00e7\u00e3o do Alex Coutinho e Jorge Amarelloh em anexo.<\/p>\n","protected":false},"excerpt":{"rendered":"<p>Para\u00edso do Tuiuti retoma aulas de samba no p\u00e9 em projeto de passistas O Para\u00edso do Tuiuti retoma hoje (03), a partir das 20h, o projeto \u201cAos passos do Para\u00edso\u201d, coordenado por Alex Coutinho e Jorge Amarelloh. A iniciativa oferece aulas de samba no p\u00e9 para crian\u00e7as, adolescentes, jovens, adultos e idosos. Ser\u00e3o aceitas inscri\u00e7\u00f5es [&hellip;]<\/p>\n","protected":false},"author":1,"featured_media":2813,"comment_status":"closed","ping_status":"closed","sticky":false,"template":"","format":"standard","meta":{"footnotes":""},"categories":[12],"tags":[],"class_list":["post-2812","post","type-post","status-publish","format-standard","has-post-thumbnail","hentry","category-grupo-especial"],"_links":{"self":[{"href":"https:\/\/mundodocarnaval.com.br\/pt_br\/wp-json\/wp\/v2\/posts\/2812","targetHints":{"allow":["GET"]}}],"collection":[{"href":"https:\/\/mundodocarnaval.com.br\/pt_br\/wp-json\/wp\/v2\/posts"}],"about":[{"href":"https:\/\/mundodocarnaval.com.br\/pt_br\/wp-json\/wp\/v2\/types\/post"}],"author":[{"embeddable":true,"href":"https:\/\/mundodocarnaval.com.br\/pt_br\/wp-json\/wp\/v2\/users\/1"}],"replies":[{"embeddable":true,"href":"https:\/\/mundodocarnaval.com.br\/pt_br\/wp-json\/wp\/v2\/comments?post=2812"}],"version-history":[{"count":1,"href":"https:\/\/mundodocarnaval.com.br\/pt_br\/wp-json\/wp\/v2\/posts\/2812\/revisions"}],"predecessor-version":[{"id":2814,"href":"https:\/\/mundodocarnaval.com.br\/pt_br\/wp-json\/wp\/v2\/posts\/2812\/revisions\/2814"}],"wp:featuredmedia":[{"embeddable":true,"href":"https:\/\/mundodocarnaval.com.br\/pt_br\/wp-json\/wp\/v2\/media\/2813"}],"wp:attachment":[{"href":"https:\/\/mundodocarnaval.com.br\/pt_br\/wp-json\/wp\/v2\/media?parent=2812"}],"wp:term":[{"taxonomy":"category","embeddable":true,"href":"https:\/\/mundodocarnaval.com.br\/pt_br\/wp-json\/wp\/v2\/categories?post=2812"},{"taxonomy":"post_tag","embeddable":true,"href":"https:\/\/mundodocarnaval.com.br\/pt_br\/wp-json\/wp\/v2\/tags?post=2812"}],"curies":[{"name":"wp","href":"https:\/\/api.w.org\/{rel}","templated":true}]}}