{"id":2817,"date":"2025-06-05T06:35:27","date_gmt":"2025-06-05T09:35:27","guid":{"rendered":"https:\/\/mundodocarnaval.com.br\/?p=2817"},"modified":"2025-06-05T06:41:32","modified_gmt":"2025-06-05T09:41:32","slug":"lendo-sambando-e-brincando-promove-encontro-cultural-na-quadra-do-santa-marta","status":"publish","type":"post","link":"https:\/\/mundodocarnaval.com.br\/pt_br\/lendo-sambando-e-brincando-promove-encontro-cultural-na-quadra-do-santa-marta\/","title":{"rendered":"\u201cLendo, Sambando e Brincando\u201d promove encontro cultural na quadra do Santa Marta"},"content":{"rendered":"<p>\u201cLendo, Sambando e Brincando\u201d promove encontro cultural na quadra do Santa Marta neste s\u00e1bado, 07<\/p>\n<p>No pr\u00f3ximo dia 07 de junho, a partir das 17h30, a Quadra do Santa Marta ser\u00e1 palco de mais uma edi\u00e7\u00e3o do projeto &#8220;Lendo, Sambando e Brincando&#8221;, com entrada gratuita e programa\u00e7\u00e3o voltada para a valoriza\u00e7\u00e3o da cultura popular.<\/p>\n<p>A abertura do evento contar\u00e1 com uma Roda de Leitura Cultural, conduzida por Mestre Palha\u00e7o Ronaldo Junior, que abordar\u00e1 a import\u00e2ncia da Folia de Reis na forma\u00e7\u00e3o cultural brasileira. Em seguida, o p\u00fablico poder\u00e1 assistir \u00e0 apresenta\u00e7\u00e3o da tradicional Folia de Reis Penitentes do Santa Marta, al\u00e9m de outras folias convidadas, em um momento de celebra\u00e7\u00e3o, religiosidade e arte.<\/p>\n<p>Com 47 anos, Ronaldo Junior carrega quatro d\u00e9cadas de experi\u00eancia na tradi\u00e7\u00e3o da Folia de Reis. Ele \u00e9 Mestre Palha\u00e7o da Folia de Reis Penitentes do Santa Marta, coordenador da Escola de Folia de Reis Mestre Diniz, e tamb\u00e9m atua como Diretor Administrativo da AFRERJ (Associa\u00e7\u00e3o das Folias de Reis da Cidade do Rio de Janeiro), da qual \u00e9 um dos fundadores.<\/p>\n<p>O projeto \u201cLendo, Sambando e Brincando\u201d reafirma seu compromisso com a preserva\u00e7\u00e3o das manifesta\u00e7\u00f5es culturais e o acesso gratuito \u00e0 cultura, fortalecendo os la\u00e7os da comunidade com suas ra\u00edzes.<\/p>\n<p>Servi\u00e7o:<br \/>\nEvento: Lendo, Sambando e Brincando<br \/>\nData: 07 de junho (s\u00e1bado)<br \/>\nHor\u00e1rio: A partir das 17h30<br \/>\nLocal: Quadra do Santa Marta<br \/>\nEntrada: Gratuita<br \/>\nClassifica\u00e7\u00e3o: Livre<\/p>\n","protected":false},"excerpt":{"rendered":"<p>\u201cLendo, Sambando e Brincando\u201d promove encontro cultural na quadra do Santa Marta neste s\u00e1bado, 07 No pr\u00f3ximo dia 07 de junho, a partir das 17h30, a Quadra do Santa Marta ser\u00e1 palco de mais uma edi\u00e7\u00e3o do projeto &#8220;Lendo, Sambando e Brincando&#8221;, com entrada gratuita e programa\u00e7\u00e3o voltada para a valoriza\u00e7\u00e3o da cultura popular. A [&hellip;]<\/p>\n","protected":false},"author":1,"featured_media":2818,"comment_status":"closed","ping_status":"closed","sticky":false,"template":"","format":"standard","meta":{"footnotes":""},"categories":[11],"tags":[],"class_list":["post-2817","post","type-post","status-publish","format-standard","has-post-thumbnail","hentry","category-noticias"],"_links":{"self":[{"href":"https:\/\/mundodocarnaval.com.br\/pt_br\/wp-json\/wp\/v2\/posts\/2817","targetHints":{"allow":["GET"]}}],"collection":[{"href":"https:\/\/mundodocarnaval.com.br\/pt_br\/wp-json\/wp\/v2\/posts"}],"about":[{"href":"https:\/\/mundodocarnaval.com.br\/pt_br\/wp-json\/wp\/v2\/types\/post"}],"author":[{"embeddable":true,"href":"https:\/\/mundodocarnaval.com.br\/pt_br\/wp-json\/wp\/v2\/users\/1"}],"replies":[{"embeddable":true,"href":"https:\/\/mundodocarnaval.com.br\/pt_br\/wp-json\/wp\/v2\/comments?post=2817"}],"version-history":[{"count":1,"href":"https:\/\/mundodocarnaval.com.br\/pt_br\/wp-json\/wp\/v2\/posts\/2817\/revisions"}],"predecessor-version":[{"id":2819,"href":"https:\/\/mundodocarnaval.com.br\/pt_br\/wp-json\/wp\/v2\/posts\/2817\/revisions\/2819"}],"wp:featuredmedia":[{"embeddable":true,"href":"https:\/\/mundodocarnaval.com.br\/pt_br\/wp-json\/wp\/v2\/media\/2818"}],"wp:attachment":[{"href":"https:\/\/mundodocarnaval.com.br\/pt_br\/wp-json\/wp\/v2\/media?parent=2817"}],"wp:term":[{"taxonomy":"category","embeddable":true,"href":"https:\/\/mundodocarnaval.com.br\/pt_br\/wp-json\/wp\/v2\/categories?post=2817"},{"taxonomy":"post_tag","embeddable":true,"href":"https:\/\/mundodocarnaval.com.br\/pt_br\/wp-json\/wp\/v2\/tags?post=2817"}],"curies":[{"name":"wp","href":"https:\/\/api.w.org\/{rel}","templated":true}]}}