{"id":2838,"date":"2025-06-05T07:32:08","date_gmt":"2025-06-05T10:32:08","guid":{"rendered":"https:\/\/mundodocarnaval.com.br\/?p=2838"},"modified":"2025-06-05T07:32:08","modified_gmt":"2025-06-05T10:32:08","slug":"elisa-lucinda-participa-da-narracao-do-video-do-enredo-da-uniao-de-marica","status":"publish","type":"post","link":"https:\/\/mundodocarnaval.com.br\/pt_br\/elisa-lucinda-participa-da-narracao-do-video-do-enredo-da-uniao-de-marica\/","title":{"rendered":"Elisa Lucinda participa da narra\u00e7\u00e3o do v\u00eddeo do enredo da Uni\u00e3o de Maric\u00e1"},"content":{"rendered":"<p>Elisa Lucinda participa da narra\u00e7\u00e3o do v\u00eddeo do enredo da Uni\u00e3o de Maric\u00e1 e \u00e9 convidada para desfilar<br \/>\nAtriz e escritora d\u00e1 voz ao v\u00eddeo oficial do tema que ser\u00e1 divulgado no s\u00e1bado (7) e estar\u00e1 na Sapuca\u00ed em 2026<\/p>\n<p>A atriz, escritora e poetisa Elisa Lucinda foi convidada a narrar o texto escrito pelo carnavalesco Leandro Vieira para o v\u00eddeo de apresenta\u00e7\u00e3o do enredo da Uni\u00e3o de Maric\u00e1 para o Carnaval 2026. Na ocasi\u00e3o da grava\u00e7\u00e3o, a artista tamb\u00e9m foi convidada a estar presente no desfile da escola, que integra a S\u00e9rie Ouro.<\/p>\n<p>Reconhecida nacionalmente por sua atua\u00e7\u00e3o no teatro, na literatura e no audiovisual, Elisa Lucinda carrega em sua trajet\u00f3ria marcas de sensibilidade, resist\u00eancia e conex\u00e3o profunda com o povo preto. Sua voz dar\u00e1 o tom do v\u00eddeo que ser\u00e1 exibido com exclusividade no pr\u00f3ximo s\u00e1bado (7), durante a festa de lan\u00e7amento do enredo, na quadra da escola, em Maric\u00e1.<\/p>\n<p>O carnavalesco Leandro Vieira celebrou a participa\u00e7\u00e3o de Elisa, destacando a pot\u00eancia simb\u00f3lica e a sua relev\u00e2ncia art\u00edstica junto da Uni\u00e3o de Maric\u00e1 para o Carnaval 2026:<\/p>\n<p>&#8211; Elisa Lucinda \u00e9 uma das figuras mais potentes da cultura brasileira. Sua trajet\u00f3ria de sensibilidade, firmeza e poesia est\u00e1 totalmente alinhada com a narrativa que estamos construindo para 2026. No v\u00eddeo do enredo, voc\u00eas v\u00e3o ouvir um texto que carrega tudo isso e que foi brilhantemente interpretado por ela. \u00c9 uma honra t\u00ea-la conosco &#8211; afirmou Vieira.<\/p>\n<p>A festa ser\u00e1 aberta ao p\u00fablico, com entrada mediante doa\u00e7\u00e3o de 1kg de alimento n\u00e3o perec\u00edvel, e contar\u00e1 com apresenta\u00e7\u00f5es do grupo Awur\u00ea e do bloco afro Il\u00ea Aiy\u00ea, diretamente da Bahia. Em 2026, a Uni\u00e3o de Maric\u00e1 ser\u00e1 a sexta escola a cruzar a Sapuca\u00ed no s\u00e1bado, 14 de fevereiro, em busca do in\u00e9dito acesso ao Grupo Especial.<\/p>\n<p>Fotos: Angelino Albaneze<\/p>\n","protected":false},"excerpt":{"rendered":"<p>Elisa Lucinda participa da narra\u00e7\u00e3o do v\u00eddeo do enredo da Uni\u00e3o de Maric\u00e1 e \u00e9 convidada para desfilar Atriz e escritora d\u00e1 voz ao v\u00eddeo oficial do tema que ser\u00e1 divulgado no s\u00e1bado (7) e estar\u00e1 na Sapuca\u00ed em 2026 A atriz, escritora e poetisa Elisa Lucinda foi convidada a narrar o texto escrito pelo [&hellip;]<\/p>\n","protected":false},"author":1,"featured_media":2839,"comment_status":"closed","ping_status":"closed","sticky":false,"template":"","format":"standard","meta":{"footnotes":""},"categories":[13],"tags":[],"class_list":["post-2838","post","type-post","status-publish","format-standard","has-post-thumbnail","hentry","category-fashion"],"_links":{"self":[{"href":"https:\/\/mundodocarnaval.com.br\/pt_br\/wp-json\/wp\/v2\/posts\/2838","targetHints":{"allow":["GET"]}}],"collection":[{"href":"https:\/\/mundodocarnaval.com.br\/pt_br\/wp-json\/wp\/v2\/posts"}],"about":[{"href":"https:\/\/mundodocarnaval.com.br\/pt_br\/wp-json\/wp\/v2\/types\/post"}],"author":[{"embeddable":true,"href":"https:\/\/mundodocarnaval.com.br\/pt_br\/wp-json\/wp\/v2\/users\/1"}],"replies":[{"embeddable":true,"href":"https:\/\/mundodocarnaval.com.br\/pt_br\/wp-json\/wp\/v2\/comments?post=2838"}],"version-history":[{"count":1,"href":"https:\/\/mundodocarnaval.com.br\/pt_br\/wp-json\/wp\/v2\/posts\/2838\/revisions"}],"predecessor-version":[{"id":2840,"href":"https:\/\/mundodocarnaval.com.br\/pt_br\/wp-json\/wp\/v2\/posts\/2838\/revisions\/2840"}],"wp:featuredmedia":[{"embeddable":true,"href":"https:\/\/mundodocarnaval.com.br\/pt_br\/wp-json\/wp\/v2\/media\/2839"}],"wp:attachment":[{"href":"https:\/\/mundodocarnaval.com.br\/pt_br\/wp-json\/wp\/v2\/media?parent=2838"}],"wp:term":[{"taxonomy":"category","embeddable":true,"href":"https:\/\/mundodocarnaval.com.br\/pt_br\/wp-json\/wp\/v2\/categories?post=2838"},{"taxonomy":"post_tag","embeddable":true,"href":"https:\/\/mundodocarnaval.com.br\/pt_br\/wp-json\/wp\/v2\/tags?post=2838"}],"curies":[{"name":"wp","href":"https:\/\/api.w.org\/{rel}","templated":true}]}}