{"id":2848,"date":"2025-06-07T00:18:23","date_gmt":"2025-06-07T03:18:23","guid":{"rendered":"https:\/\/mundodocarnaval.com.br\/?p=2848"},"modified":"2025-06-07T00:18:23","modified_gmt":"2025-06-07T03:18:23","slug":"carolane-silva-e-a-nova-rainha-da-cadencia-da-baixada","status":"publish","type":"post","link":"https:\/\/mundodocarnaval.com.br\/pt_br\/carolane-silva-e-a-nova-rainha-da-cadencia-da-baixada\/","title":{"rendered":"Carolane Silva \u00e9 a nova rainha da Cad\u00eancia da Baixada"},"content":{"rendered":"<p>Fotos Deivid Maldonado<\/p>\n<p>Carioca, aquariana, vasca\u00edna, apaixonada por samba e pela cultura popular, Carol assume o posto de rainha de bateria com a miss\u00e3o de representar, com muito orgulho e responsabilidade, a comunidade de Belford Roxo no Carnaval 2026.<\/p>\n<p>Moradora do tradicional bairro de S\u00e3o Crist\u00f3v\u00e3o, Carolane Silva  carrega no sangue a mistura de brasilidade e resist\u00eancia. Filha de nordestinos, ela se apaixonou pelo universo do samba em 2012, quando conheceu a quadra do Para\u00edso do Tuiuti. Desde ent\u00e3o, trilhou uma trajet\u00f3ria marcada por dedica\u00e7\u00e3o, disciplina e amor ao Carnaval. No curr\u00edculo, ela coleciona passagens por alas de passistas de grandes escolas como Imp\u00e9rio Serrano, Vila Isabel e Salgueiro, onde construiu uma trajet\u00f3ria respeitada e admirada. Agora, escreve um novo cap\u00edtulo em sua hist\u00f3ria, trazendo sua garra, seu carisma e seu samba no p\u00e9 para a Inocentes, que se prepara para um desfile hist\u00f3rico em 2026, quando  levar\u00e1 para a Marqu\u00eas de Sapuca\u00ed o enredo em homenagem ao Estado de Pernambuco.<\/p>\n<p>\u201cSer rainha de bateria vai muito al\u00e9m de representar beleza. \u00c9 sobre honrar uma comunidade, carregar um pavilh\u00e3o no cora\u00e7\u00e3o e ser uma porta-voz da nossa cultura. Meu objetivo \u00e9 viver esse reinado com verdade, com entrega, e fazer com que a Inocentes brilhe na avenida e contagie o p\u00fablico com a for\u00e7a da nossa bateria\u201d, declara Carolane.<\/p>\n<p>Al\u00e9m do samba, Carolane \u00e9 profissional de Educa\u00e7\u00e3o F\u00edsica e estudante de Gest\u00e3o P\u00fablica. Apaixonada por viagens, pela natureza e por frutos do mar, ela acredita que o Carnaval \u00e9 uma poderosa ferramenta de transforma\u00e7\u00e3o social, gera\u00e7\u00e3o de renda e valoriza\u00e7\u00e3o cultural nas comunidades. Com coroa\u00e7\u00e3o prevista para o m\u00eas de julho, a nova rainha da bateria Cad\u00eancia da Baixada sonha em ter a rainha Viviane Ara\u00fajo, refer\u00eancia de for\u00e7a, empoderamento e paix\u00e3o pelo samba, prestigiando sua festa. <\/p>\n<p>Carolane, que tamb\u00e9m participou de momentos importantes para Belford Roxo, como a cerim\u00f4nia de lan\u00e7amento da pedra fundamental da nova rodovi\u00e1ria da cidade, agora escreve sua hist\u00f3ria como a nova rainha dos ritmistas da Ca\u00e7ulinha da Baixada, prometendo representar com muito orgulho a comunidade e ajudar a escola na busca pelo t\u00e3o sonhado retorno ao Grupo Especial.<\/p>\n<p>A Inocentes de Belford Roxo, com seu enredo sobre Pernambuco, aposta na for\u00e7a da cultura popular, na cad\u00eancia da sua bateria e, agora, na energia contagiante de sua nova rainha para fazer hist\u00f3ria no Carnaval 2026.<\/p>\n","protected":false},"excerpt":{"rendered":"<p>Fotos Deivid Maldonado Carioca, aquariana, vasca\u00edna, apaixonada por samba e pela cultura popular, Carol assume o posto de rainha de bateria com a miss\u00e3o de representar, com muito orgulho e responsabilidade, a comunidade de Belford Roxo no Carnaval 2026. Moradora do tradicional bairro de S\u00e3o Crist\u00f3v\u00e3o, Carolane Silva carrega no sangue a mistura de brasilidade [&hellip;]<\/p>\n","protected":false},"author":1,"featured_media":2851,"comment_status":"closed","ping_status":"closed","sticky":false,"template":"","format":"standard","meta":{"footnotes":""},"categories":[13],"tags":[],"class_list":["post-2848","post","type-post","status-publish","format-standard","has-post-thumbnail","hentry","category-fashion"],"_links":{"self":[{"href":"https:\/\/mundodocarnaval.com.br\/pt_br\/wp-json\/wp\/v2\/posts\/2848","targetHints":{"allow":["GET"]}}],"collection":[{"href":"https:\/\/mundodocarnaval.com.br\/pt_br\/wp-json\/wp\/v2\/posts"}],"about":[{"href":"https:\/\/mundodocarnaval.com.br\/pt_br\/wp-json\/wp\/v2\/types\/post"}],"author":[{"embeddable":true,"href":"https:\/\/mundodocarnaval.com.br\/pt_br\/wp-json\/wp\/v2\/users\/1"}],"replies":[{"embeddable":true,"href":"https:\/\/mundodocarnaval.com.br\/pt_br\/wp-json\/wp\/v2\/comments?post=2848"}],"version-history":[{"count":1,"href":"https:\/\/mundodocarnaval.com.br\/pt_br\/wp-json\/wp\/v2\/posts\/2848\/revisions"}],"predecessor-version":[{"id":2852,"href":"https:\/\/mundodocarnaval.com.br\/pt_br\/wp-json\/wp\/v2\/posts\/2848\/revisions\/2852"}],"wp:featuredmedia":[{"embeddable":true,"href":"https:\/\/mundodocarnaval.com.br\/pt_br\/wp-json\/wp\/v2\/media\/2851"}],"wp:attachment":[{"href":"https:\/\/mundodocarnaval.com.br\/pt_br\/wp-json\/wp\/v2\/media?parent=2848"}],"wp:term":[{"taxonomy":"category","embeddable":true,"href":"https:\/\/mundodocarnaval.com.br\/pt_br\/wp-json\/wp\/v2\/categories?post=2848"},{"taxonomy":"post_tag","embeddable":true,"href":"https:\/\/mundodocarnaval.com.br\/pt_br\/wp-json\/wp\/v2\/tags?post=2848"}],"curies":[{"name":"wp","href":"https:\/\/api.w.org\/{rel}","templated":true}]}}