{"id":2892,"date":"2025-06-11T23:20:44","date_gmt":"2025-06-12T02:20:44","guid":{"rendered":"https:\/\/mundodocarnaval.com.br\/?p=2892"},"modified":"2025-06-11T23:20:44","modified_gmt":"2025-06-12T02:20:44","slug":"grupo-parakunde-e-dudu-kappu-sao-as-atracoes-deste-sabado-14-no-alto-vidigal-brasil","status":"publish","type":"post","link":"https:\/\/mundodocarnaval.com.br\/pt_br\/grupo-parakunde-e-dudu-kappu-sao-as-atracoes-deste-sabado-14-no-alto-vidigal-brasil\/","title":{"rendered":"Grupo Parakund\u00ea e Dudu Kappu s\u00e3o as atra\u00e7\u00f5es deste s\u00e1bado (14), no Alto Vidigal Brasil."},"content":{"rendered":"<p>Grupo Parakund\u00ea e Dudu Kappu s\u00e3o as atra\u00e7\u00f5es deste s\u00e1bado (14), no Alto Vidigal Brasil.<\/p>\n<p>Neste s\u00e1bado (14), a partir das 12h, tem o Projeto Sambinha do Alto, que recebe nessa edi\u00e7\u00e3o, diretamente de S\u00e3o Paulo, o Grupo Parakund\u00ea que \u00e9 a sensa\u00e7\u00e3o do momento do samba paulistano. Na abertura do evento tem o cantor Dudu Kappu com o melhor do samba de raiz, na casa com o visual mais lindo da cidade, o Alto Vidigal Brasil.<\/p>\n<p>Sobre o Grupo Parakund\u00ea<br \/>\nParakund\u00ea, grupo de pagode que surgiu na d\u00e9cada de 90, representa o bom samba em forma de ora\u00e7\u00e3o, cujo nome significa ter habilidade para fazer algo ou fazer algo bem-feito. E isso \u00e9 o que o grupo Parakund\u00ea faz de melhor.<br \/>\nComposto por integrantes que moram na regi\u00e3o metropolitana da grande S\u00e3o Paulo, mais precisamente em Franco da Rocha, Francisco Morato e Caieiras, o grupo surge com uma est\u00e9tica fortemente influenciada por artistas dos anos 90, particularmente nos grupos Fundo de Quintal, Grupo Sensa\u00e7\u00e3o, Negritude Jr e Exalta Samba e, est\u00e1 com agenda para o Rio de Janeiro nos dias 14, 15, 16, 17 e 18 de junho.<br \/>\nTal agenda come\u00e7a no morro do Vidigal, no Alto Vidigal, Brasil, no samba do amigo de parceria Dudu Kappu, e, no domingo, dia 15, vai abrir o show do Mc Cabelinho e Poze do Rodo no Arena Bangu.<br \/>\nO grupo vem se destacando no pagode com a nova m\u00fasica de trabalho (eu fui pro pagode), que j\u00e1 \u00e9 um sucesso em todas as plataformas digitais e r\u00e1dios, onde gravou um clipe que j\u00e1 est\u00e1 dispon\u00edvel no YouTube.<\/p>\n<p>Sobre Dudu Kappu:<br \/>\nEduardo da Silva Martins mais conhecido como Dudu Kappu, come\u00e7ou sua trajet\u00f3ria nas rodas de samba de Madureira, Morro do Vidigal, Rocinha e arcos da Lapa, no Rio.<br \/>\nAo longo da sua carreira teve honra de ser m\u00fasico com lendas do samba como (Arlindo Cruz, Almir Guineto, Alcione. Tamb\u00e9m participou da novela o clone da rede Globo tocando com Martinho da vila e Mart\u2019inalia.<br \/>\nRecentemente teve um convite pra cantar com Grupo Fundo de Quintal em show no Rio de Janeiro na Arena Bangu, e, lan\u00e7ou no YouTube a roda de samba do Dudu Kappu nos Arcos da Lapa no Rio de Janeiro, onde canta cl\u00e1ssicos do samba como Jorge Arag\u00e3o, Fundo de Quintal e outros sucessos.<br \/>\nA roda de samba no YouTube est\u00e1 chegando \u00e0 marca de 1 milh\u00e3o de visualiza\u00e7\u00f5es no YouTube.<\/p>\n<p>Como compositor, ele j\u00e1 gravou m\u00fasicas de sua autoria com Grupo Molejo, Pique Novo, Clareou, Tchakabum, Dudu Nobre, Renato da Rocinha, Mc Guim\u00ea, Vou pro Sereno, dentre outros, e recentemente o cantor fez um feat de uma m\u00fasica com Dudu nobre (pega pega) j\u00e1 dispon\u00edvel em todas as plataformas digitais.<\/p>\n<p>Sobre a Casa:<br \/>\nSejam bem-vindos ao Alto Vidigal Brasil, o Ponto Tur\u00edstico e Cultural mais apaixonante do Rio de Janeiro!<br \/>\nA casa abre \u00e0s 12 horas para almo\u00e7o, na qual dentre os pratos que servimos, n\u00e3o podemos deixar de ressaltar a nossa tradicional feijoada e a famosa Picanha Alto Vidigal, dentre outros pratos e petiscos, bem como aquela cerveja bem gelada e diversos drinks, com a apresenta\u00e7\u00e3o de DJ e o  Grupo Parakund\u00ea e o cantor Dudu Kappu!<br \/>\nAssim, al\u00e9m da nossa tradicional feijoada e das apresenta\u00e7\u00f5es art\u00edsticas, dispomos de uma das vistas mais bonitas da Cidade do Rio de Janeiro, inclusive, um p\u00f4r do sol inigual\u00e1vel, que s\u00f3 quem olha sabe o quanto \u00e9 belo!!!<br \/>\n Fique ligado (a) nas nossas redes sociais para acompanhar nossas atra\u00e7\u00f5es e novidades!<\/p>\n<p>SOBRE INGRESSOS &#038; SETORES:<\/p>\n<p>>> A nova \u00c1REA VIP, inaugurada em dez\/21, fica no andar superior, com a varanda estendida para a vista da Orla Carioca.<br \/>\n>> A \u00c1REA PISTA fica no 1\u00b0 andar, pr\u00f3xima ao palco, tamb\u00e9m tem a grade com a vista para a orla carioca.<br \/>\nTodos os clientes da casa t\u00eam acesso \u00e0 vista, espa\u00e7o reservado no andar superior para fotos com a vista da orla da Cidade Maravilhosa ao fundo.<br \/>\n>> Voucher Feijoada e\/ ou Picanha: N\u00e3o vale como ingresso, fica dispon\u00edvel para quem desejar garantir a feijoada antecipadamente. A feijoada \u00e9 servida at\u00e9 as 17h.<br \/>\nPara clientes que comprarem ingressos, teremos mesas\/bistr\u00f4 dispon\u00edveis por ordem de chegada nos setores correspondentes ao ingresso.<\/p>\n<p>Voc\u00ea faz ANIVERS\u00c1RIO em JUNHO?<\/p>\n<p>O aniversariante deve enviar em nosso Instagram oficial (@altovidigalbrasil) ou via WhatsApp (21) 99884-9203 uma foto do documento que comprove o benef\u00edcio. Receber\u00e1 um c\u00f3digo de desconto (5%) para o evento escolhido que pode ser usado para todos os seus convidados comprarem ingresso com o desconto. Se o link com desconto for utilizado na compra de 10 ingressos pagantes o aniversariante ganha 01 cortesia + 01 Smirnoff ou Balde de Cerveja.<br \/>\nLimitado a 02 premia\u00e7\u00f5es para cada aniversariante.<br \/>\nSe o aniversariante n\u00e3o completar 10 pagantes mesmo assim ganha 01 Drink Cortesia apresentando o RG na recep\u00e7\u00e3o da casa.<\/p>\n<p>COMO CHEGAR \/ ACESSO<br \/>\nUma boa op\u00e7\u00e3o e solicitar o nosso transporte R$50,00 (ida e volta) por pessoa. Buscamos em pontos estrat\u00e9gicos entre leme e Leblon!<br \/>\nWhatsApp 21-998849203<br \/>\nLigue ou nos envie uma mensagem via WhatsApp e agende!<br \/>\nCaso prefira solicite   UBER\/T\u00e1xi coloque o destino como &#8220;Hotel Sheraton &#8211; Av. Niemeyer&#8221;, na pra\u00e7a principal da entrada do Vidigal e pegue transporte local Van\/Moto Taxi.<br \/>\nOs servi\u00e7os de transporte locais s\u00e3o terceirizados, com cobran\u00e7a \u00e0 parte.<\/p>\n<p> SERVI\u00c7O:<br \/>\nDATA:14 DE JUNHO, S\u00c1BADO \u2013 Projeto Sambinha do Alto recebe o Grupo Parakund\u00ea  e o cantor Dudu Kappu no Alto Vidigal Brasil<br \/>\nENDERE\u00c7O: Rua Amando Almeida Lima, n.\u00ba 02 -Vidigal -Rio de Janeiro<br \/>\nHORARIO: a partir das 12h<br \/>\nIngressos: A partir de R$30,00 Reais.<br \/>\nhttps:\/\/www.sympla.com.br\/evento\/sambinha-do-alto\/2800863?referrer=www.google.com<br \/>\n WhatsApp 21-998849203<br \/>\nClassifica\u00e7\u00e3o: Livre<\/p>\n","protected":false},"excerpt":{"rendered":"<p>Grupo Parakund\u00ea e Dudu Kappu s\u00e3o as atra\u00e7\u00f5es deste s\u00e1bado (14), no Alto Vidigal Brasil. Neste s\u00e1bado (14), a partir das 12h, tem o Projeto Sambinha do Alto, que recebe nessa edi\u00e7\u00e3o, diretamente de S\u00e3o Paulo, o Grupo Parakund\u00ea que \u00e9 a sensa\u00e7\u00e3o do momento do samba paulistano. Na abertura do evento tem o cantor [&hellip;]<\/p>\n","protected":false},"author":1,"featured_media":2893,"comment_status":"closed","ping_status":"closed","sticky":false,"template":"","format":"standard","meta":{"footnotes":""},"categories":[11],"tags":[],"class_list":["post-2892","post","type-post","status-publish","format-standard","has-post-thumbnail","hentry","category-noticias"],"_links":{"self":[{"href":"https:\/\/mundodocarnaval.com.br\/pt_br\/wp-json\/wp\/v2\/posts\/2892","targetHints":{"allow":["GET"]}}],"collection":[{"href":"https:\/\/mundodocarnaval.com.br\/pt_br\/wp-json\/wp\/v2\/posts"}],"about":[{"href":"https:\/\/mundodocarnaval.com.br\/pt_br\/wp-json\/wp\/v2\/types\/post"}],"author":[{"embeddable":true,"href":"https:\/\/mundodocarnaval.com.br\/pt_br\/wp-json\/wp\/v2\/users\/1"}],"replies":[{"embeddable":true,"href":"https:\/\/mundodocarnaval.com.br\/pt_br\/wp-json\/wp\/v2\/comments?post=2892"}],"version-history":[{"count":1,"href":"https:\/\/mundodocarnaval.com.br\/pt_br\/wp-json\/wp\/v2\/posts\/2892\/revisions"}],"predecessor-version":[{"id":2894,"href":"https:\/\/mundodocarnaval.com.br\/pt_br\/wp-json\/wp\/v2\/posts\/2892\/revisions\/2894"}],"wp:featuredmedia":[{"embeddable":true,"href":"https:\/\/mundodocarnaval.com.br\/pt_br\/wp-json\/wp\/v2\/media\/2893"}],"wp:attachment":[{"href":"https:\/\/mundodocarnaval.com.br\/pt_br\/wp-json\/wp\/v2\/media?parent=2892"}],"wp:term":[{"taxonomy":"category","embeddable":true,"href":"https:\/\/mundodocarnaval.com.br\/pt_br\/wp-json\/wp\/v2\/categories?post=2892"},{"taxonomy":"post_tag","embeddable":true,"href":"https:\/\/mundodocarnaval.com.br\/pt_br\/wp-json\/wp\/v2\/tags?post=2892"}],"curies":[{"name":"wp","href":"https:\/\/api.w.org\/{rel}","templated":true}]}}