{"id":2904,"date":"2025-06-14T21:33:08","date_gmt":"2025-06-15T00:33:08","guid":{"rendered":"https:\/\/mundodocarnaval.com.br\/?p=2904"},"modified":"2025-06-14T21:33:08","modified_gmt":"2025-06-15T00:33:08","slug":"uniao-de-marica-divulga-calendario-oficial-da-disputa-de-samba-para-o-carnaval","status":"publish","type":"post","link":"https:\/\/mundodocarnaval.com.br\/pt_br\/uniao-de-marica-divulga-calendario-oficial-da-disputa-de-samba-para-o-carnaval\/","title":{"rendered":"Uni\u00e3o de Maric\u00e1 divulga calend\u00e1rio oficial da disputa de samba para o Carnaval"},"content":{"rendered":"<p>Uni\u00e3o de Maric\u00e1 divulga calend\u00e1rio oficial da disputa de samba para o Carnaval 2026<br \/>\nCom o enredo \u201cBerenguend\u00e9ns e Balangand\u00e3s\u201d, a escola revelou tamb\u00e9m as datas do lan\u00e7amento da sinopse, tira-d\u00favidas e inscri\u00e7\u00e3o das obras<\/p>\n<p>A Uni\u00e3o de Maric\u00e1 divulgou nesta quinta-feira (12) o seu calend\u00e1rio completo at\u00e9 a final de samba-enredo que definir\u00e1 o hino oficial da escola para o Carnaval 2026. Com o enredo \u201cBerenguend\u00e9ns e Balangand\u00e3s\u201d, assinado pelo carnavalesco Leandro Vieira, a escola vai mergulhar no universo das joias que s\u00e3o s\u00edmbolos de identidade, ancestralidade e resist\u00eancia presentes na cultura negra, na S\u00e9rie Ouro.<\/p>\n<p>A sinopse ser\u00e1 lan\u00e7ada na pr\u00f3xima segunda-feira (16), \u00e0s 19h, nas redes sociais da agremia\u00e7\u00e3o. A escola tamb\u00e9m promover\u00e1 uma s\u00e9rie de encontros com os compositores interessados em participar da disputa, com o objetivo de esclarecer detalhes da proposta e fomentar a cria\u00e7\u00e3o de sambas alinhados ao enredo. Os encontros tira-d\u00favidas acontecer\u00e3o em dois espa\u00e7os: no barrac\u00e3o, na Rua Almirante Mariath, 6, em S\u00e3o Crist\u00f3v\u00e3o, nos dias 23 e 30 de junho e 14 de julho, e na quadra da escola, em Maric\u00e1, no dia 7 de julho, sempre \u00e0s 19h.<\/p>\n<p>O per\u00edodo de inscri\u00e7\u00f5es para os sambas concorrentes j\u00e1 tem data definida. Os compositores dever\u00e3o entregar suas obras no dia 29 de julho, \u00e0s 19h, na quadra da Uni\u00e3o de Maric\u00e1. A disputa acontecer\u00e1 ao longo do m\u00eas de agosto, dividida em quatro etapas: primeira eliminat\u00f3ria no dia 1\u00ba, segunda eliminat\u00f3ria no dia 8, semifinal no dia 22 e a grande final no dia 29.<\/p>\n<p>Para o diretor de carnaval Wilsinho Alves, o an\u00fancio antecipado do calend\u00e1rio refor\u00e7a o compromisso da escola com a organiza\u00e7\u00e3o e a valoriza\u00e7\u00e3o dos compositores. A expectativa \u00e9 de uma disputa rica em conte\u00fado e musicalidade, refletindo a for\u00e7a do tema proposto para o pr\u00f3ximo desfile. <\/p>\n<p>&#8211; O planejamento \u00e9 fundamental. Divulgar esse calend\u00e1rio com anteced\u00eancia permite que os compositores se preparem com qualidade, estudem a sinopse com profundidade e entreguem sambas que reflitam toda a riqueza do enredo que vamos levar para a Marqu\u00eas de Sapuca\u00ed. N\u00e3o tenho d\u00favidas que teremos mais uma linda obra &#8211; disse Wilsinho.<\/p>\n<p>Em 2026, a Uni\u00e3o de Maric\u00e1 ser\u00e1 a sexta escola a desfilar no s\u00e1bado, dia 14 de fevereiro, na Marqu\u00eas de Sapuca\u00ed, em busca do acesso ao Grupo Especial.<\/p>\n<p>Fotos: Ney Junior<\/p>\n","protected":false},"excerpt":{"rendered":"<p>Uni\u00e3o de Maric\u00e1 divulga calend\u00e1rio oficial da disputa de samba para o Carnaval 2026 Com o enredo \u201cBerenguend\u00e9ns e Balangand\u00e3s\u201d, a escola revelou tamb\u00e9m as datas do lan\u00e7amento da sinopse, tira-d\u00favidas e inscri\u00e7\u00e3o das obras A Uni\u00e3o de Maric\u00e1 divulgou nesta quinta-feira (12) o seu calend\u00e1rio completo at\u00e9 a final de samba-enredo que definir\u00e1 o [&hellip;]<\/p>\n","protected":false},"author":1,"featured_media":2905,"comment_status":"closed","ping_status":"closed","sticky":false,"template":"","format":"standard","meta":{"footnotes":""},"categories":[13],"tags":[],"class_list":["post-2904","post","type-post","status-publish","format-standard","has-post-thumbnail","hentry","category-fashion"],"_links":{"self":[{"href":"https:\/\/mundodocarnaval.com.br\/pt_br\/wp-json\/wp\/v2\/posts\/2904","targetHints":{"allow":["GET"]}}],"collection":[{"href":"https:\/\/mundodocarnaval.com.br\/pt_br\/wp-json\/wp\/v2\/posts"}],"about":[{"href":"https:\/\/mundodocarnaval.com.br\/pt_br\/wp-json\/wp\/v2\/types\/post"}],"author":[{"embeddable":true,"href":"https:\/\/mundodocarnaval.com.br\/pt_br\/wp-json\/wp\/v2\/users\/1"}],"replies":[{"embeddable":true,"href":"https:\/\/mundodocarnaval.com.br\/pt_br\/wp-json\/wp\/v2\/comments?post=2904"}],"version-history":[{"count":1,"href":"https:\/\/mundodocarnaval.com.br\/pt_br\/wp-json\/wp\/v2\/posts\/2904\/revisions"}],"predecessor-version":[{"id":2906,"href":"https:\/\/mundodocarnaval.com.br\/pt_br\/wp-json\/wp\/v2\/posts\/2904\/revisions\/2906"}],"wp:featuredmedia":[{"embeddable":true,"href":"https:\/\/mundodocarnaval.com.br\/pt_br\/wp-json\/wp\/v2\/media\/2905"}],"wp:attachment":[{"href":"https:\/\/mundodocarnaval.com.br\/pt_br\/wp-json\/wp\/v2\/media?parent=2904"}],"wp:term":[{"taxonomy":"category","embeddable":true,"href":"https:\/\/mundodocarnaval.com.br\/pt_br\/wp-json\/wp\/v2\/categories?post=2904"},{"taxonomy":"post_tag","embeddable":true,"href":"https:\/\/mundodocarnaval.com.br\/pt_br\/wp-json\/wp\/v2\/tags?post=2904"}],"curies":[{"name":"wp","href":"https:\/\/api.w.org\/{rel}","templated":true}]}}