{"id":2907,"date":"2025-06-14T21:46:04","date_gmt":"2025-06-15T00:46:04","guid":{"rendered":"https:\/\/mundodocarnaval.com.br\/?p=2907"},"modified":"2025-06-14T21:46:05","modified_gmt":"2025-06-15T00:46:05","slug":"unidos-do-jacarezinho-comemora-aniversario-com-show-acao-social-missa-e-festa-na-quadra","status":"publish","type":"post","link":"https:\/\/mundodocarnaval.com.br\/pt_br\/unidos-do-jacarezinho-comemora-aniversario-com-show-acao-social-missa-e-festa-na-quadra\/","title":{"rendered":"Unidos do Jacarezinho comemora anivers\u00e1rio com show, a\u00e7\u00e3o social, missa e festa na quadra"},"content":{"rendered":"<p>Unidos do Jacarezinho comemora anivers\u00e1rio com show, a\u00e7\u00e3o social, missa e festa na quadra<\/p>\n<p>Eventos comemorativos acontecem dias 15,16 e 20 de junho<\/p>\n<p>A Unidos do Jacarezinho est\u00e1 pronta para completar na pr\u00f3xima segunda-feira, 16 de junho, 59 anos de funda\u00e7\u00e3o. E para comemorar a data, a agremia\u00e7\u00e3o preparou  um calend\u00e1rio festivo incluindo: show, a\u00e7\u00e3o social, missa, e \u00e9 claro, muito samba. Os eventos acontecem na quadra da escola localizada na  Avenida Dom Helder C\u00e2mara 2233 \u2013 Jacarezinho.<\/p>\n<p>Para abrir a comemora\u00e7\u00e3o, a agremia\u00e7\u00e3o realiza no pr\u00f3ximo domingo, 15 de junho, v\u00e9spera do seu anivers\u00e1rio, a Tardezinha Rosa e Branco, com o Pagode do Adame. Com ingressos a partir de R$ 40,00, direto na bilheteria do evento ou antecipado pelo Sympla, a quadra abrir\u00e1 suas portas \u00e0s 15 horas. Al\u00e9m da atra\u00e7\u00e3o principal, show completo de Brunna Oliveira com DJ Emika e DJ Markinho agitando os intervalos.<\/p>\n<p>J\u00e1 na segunda-feira, 16 de junho, data de funda\u00e7\u00e3o da escola, o dia ser\u00e1 repleto de atividades na sede da agremia\u00e7\u00e3o. De 09 \u00e0s 13h a quadra recebe diversas a\u00e7\u00f5es sociais, entre elas: vacina\u00e7\u00e3o contra a gripe, vagas de trabalho e est\u00e1gio para Jovem Aprendiz, emiss\u00e3o de documentos, registro de marcas, espa\u00e7o de beleza e sorteios. Tudo preparado para atender a comunidade. \u00c0 noite, \u00e0s 19h30, acontece a  Missa de A\u00e7\u00e3o de Gra\u00e7as pelos 59 anos de funda\u00e7\u00e3o celebrada pelo padre Carlos Jos\u00e9 da Silva da Par\u00f3quia Nossa Senhora Auxiliadora.<\/p>\n<p>Fechando as comemora\u00e7\u00f5es em grande estilo, a Unidos do Jacarezinho realiza grande festa de anivers\u00e1rio, sexta-feira, 20 de junho, a partir das 20 horas. Al\u00e9m do show dos segmentos e da apresenta\u00e7\u00e3o da equipe 2026, abertura com grupo Samba Bom e show da madrinha Esta\u00e7\u00e3o Primeira de Mangueira. A entrada \u00e9 franca.<\/p>\n<p>A Unidos do Jacarezinho desfilar\u00e1 no dia 13 de fevereiro de 2026, sendo a primeira escola a pisar na Sapuca\u00ed pela S\u00e9rie Ouro.<\/p>\n<p>Cr\u00e9ditos: Divulga\u00e7\u00e3o<\/p>\n","protected":false},"excerpt":{"rendered":"<p>Unidos do Jacarezinho comemora anivers\u00e1rio com show, a\u00e7\u00e3o social, missa e festa na quadra Eventos comemorativos acontecem dias 15,16 e 20 de junho A Unidos do Jacarezinho est\u00e1 pronta para completar na pr\u00f3xima segunda-feira, 16 de junho, 59 anos de funda\u00e7\u00e3o. E para comemorar a data, a agremia\u00e7\u00e3o preparou um calend\u00e1rio festivo incluindo: show, a\u00e7\u00e3o [&hellip;]<\/p>\n","protected":false},"author":1,"featured_media":2908,"comment_status":"closed","ping_status":"closed","sticky":false,"template":"","format":"standard","meta":{"footnotes":""},"categories":[13],"tags":[],"class_list":["post-2907","post","type-post","status-publish","format-standard","has-post-thumbnail","hentry","category-fashion"],"_links":{"self":[{"href":"https:\/\/mundodocarnaval.com.br\/pt_br\/wp-json\/wp\/v2\/posts\/2907","targetHints":{"allow":["GET"]}}],"collection":[{"href":"https:\/\/mundodocarnaval.com.br\/pt_br\/wp-json\/wp\/v2\/posts"}],"about":[{"href":"https:\/\/mundodocarnaval.com.br\/pt_br\/wp-json\/wp\/v2\/types\/post"}],"author":[{"embeddable":true,"href":"https:\/\/mundodocarnaval.com.br\/pt_br\/wp-json\/wp\/v2\/users\/1"}],"replies":[{"embeddable":true,"href":"https:\/\/mundodocarnaval.com.br\/pt_br\/wp-json\/wp\/v2\/comments?post=2907"}],"version-history":[{"count":1,"href":"https:\/\/mundodocarnaval.com.br\/pt_br\/wp-json\/wp\/v2\/posts\/2907\/revisions"}],"predecessor-version":[{"id":2909,"href":"https:\/\/mundodocarnaval.com.br\/pt_br\/wp-json\/wp\/v2\/posts\/2907\/revisions\/2909"}],"wp:featuredmedia":[{"embeddable":true,"href":"https:\/\/mundodocarnaval.com.br\/pt_br\/wp-json\/wp\/v2\/media\/2908"}],"wp:attachment":[{"href":"https:\/\/mundodocarnaval.com.br\/pt_br\/wp-json\/wp\/v2\/media?parent=2907"}],"wp:term":[{"taxonomy":"category","embeddable":true,"href":"https:\/\/mundodocarnaval.com.br\/pt_br\/wp-json\/wp\/v2\/categories?post=2907"},{"taxonomy":"post_tag","embeddable":true,"href":"https:\/\/mundodocarnaval.com.br\/pt_br\/wp-json\/wp\/v2\/tags?post=2907"}],"curies":[{"name":"wp","href":"https:\/\/api.w.org\/{rel}","templated":true}]}}