{"id":2914,"date":"2025-06-16T16:17:43","date_gmt":"2025-06-16T19:17:43","guid":{"rendered":"https:\/\/mundodocarnaval.com.br\/?p=2914"},"modified":"2025-06-16T16:17:43","modified_gmt":"2025-06-16T19:17:43","slug":"unidos-da-tijuca-homenageia-escritora-chimamanda-adichie-e-a-convida-para-desfilar","status":"publish","type":"post","link":"https:\/\/mundodocarnaval.com.br\/pt_br\/unidos-da-tijuca-homenageia-escritora-chimamanda-adichie-e-a-convida-para-desfilar\/","title":{"rendered":"Unidos da Tijuca homenageia escritora Chimamanda Adichie e a convida para desfilar"},"content":{"rendered":"<p>Unidos da Tijuca homenageia escritora Chimamanda Adichie e a convida para desfilar<\/p>\n<p>Encontro aconteceu na abertura da Bienal do Livro Rio 2025<\/p>\n<p>A escritora nigeriana Chimamanda Ngozi Adichie recebeu uma homenagem da Unidos da Tijuca e foi convidada para fazer parte do pr\u00f3ximo desfile da escola durante sua participa\u00e7\u00e3o na abertura da Bienal do Livro Rio 2025. Em 2026, a agremia\u00e7\u00e3o levar\u00e1 para a Sapuca\u00ed o enredo sobre a maior escritora negra brasileira, \u201cCarolina Maria de Jesus\u201d.<\/p>\n<p>Neste ano o Rio de Janeiro \u00e9 a capital mundial do livro, e a Unidos da Tijuca ser\u00e1 a \u00fanica escola com enredo liter\u00e1rio no pr\u00f3ximo carnaval. A homenagem \u00e0 premiada escritora nigeriana aconteceu atrav\u00e9s do encontro da consultora do enredo Fernanda Felisberto que prestigiou a inaugura\u00e7\u00e3o da Bienal Rio 2025 representando a Unidos da Tijuca. Fernanda \u00e9 professora do Departamento de Letras da Universidade Federal Rural do Rio de Janeiro, doutora pelo Programa de Literatura Comparada da UERJ, \u00e1rea de pesquisa Literatura afro-americana e negro-brasileira, mestre em Estudos Africanos, com \u00eanfase na literatura nigeriana contempor\u00e2nea pelo El Colegio de Mexico e possui Bacharelado em Letras &#8211; Portugu\u00eas-Franc\u00eas, pela Pontif\u00edcia Universidade Cat\u00f3lica do Rio de Janeiro.<\/p>\n<p>Pesquisadora das narrativas de mulheres negras, presente nas literaturas Africanas, Negro-brasileira, Afro-americana e Afro-latina, \u00e9 l\u00edder do Grupo de Pesquisa (CNPq\/UFRRJ) \u00cdT\u00c0N &#8211; Mapeamento das narrativas negro-diasp\u00f3ricas, coordenadora do LEAFRO &#8211; UFRRJ. Pesquisadora sobre a presen\u00e7a da autoria negra no mercado editorial brasileiro. Coordenou o Ciclo de Semin\u00e1rios Mulheres Nas Artes: Concei\u00e7\u00e3o Evaristo, promovido pela Escola do Olhar do MAR &#8211; Museu de Arte do Rio e \u00e9 integrante do Conselho Editorial de publica\u00e7\u00f5es dos manuscritos de Carolina Maria de Jesus;<\/p>\n<p>Chimamanda Ngozi Adichie \u00e9 uma das maiores refer\u00eancias da literatura negra feminina no mundo e recebeu das m\u00e3os de Fernanda Felisberto a fl\u00e2mula tijucana e uma singela homenagem, acompanhada de um convite para que participe do pr\u00f3ximo desfile da escola, em homenagem a Carolina Maria de Jesus.<\/p>\n<p>A Unidos da Tijuca desfilar\u00e1 na Marqu\u00eas de Sapuca\u00ed dia 16 de fevereiro de 2026. O enredo ser\u00e1 desenvolvido pelo carnavalesco Edson Pereira.<br \/>\nImagens: Divulga\u00e7\u00e3o<\/p>\n","protected":false},"excerpt":{"rendered":"<p>Unidos da Tijuca homenageia escritora Chimamanda Adichie e a convida para desfilar Encontro aconteceu na abertura da Bienal do Livro Rio 2025 A escritora nigeriana Chimamanda Ngozi Adichie recebeu uma homenagem da Unidos da Tijuca e foi convidada para fazer parte do pr\u00f3ximo desfile da escola durante sua participa\u00e7\u00e3o na abertura da Bienal do Livro [&hellip;]<\/p>\n","protected":false},"author":1,"featured_media":2915,"comment_status":"closed","ping_status":"closed","sticky":false,"template":"","format":"standard","meta":{"footnotes":""},"categories":[11],"tags":[],"class_list":["post-2914","post","type-post","status-publish","format-standard","has-post-thumbnail","hentry","category-noticias"],"_links":{"self":[{"href":"https:\/\/mundodocarnaval.com.br\/pt_br\/wp-json\/wp\/v2\/posts\/2914","targetHints":{"allow":["GET"]}}],"collection":[{"href":"https:\/\/mundodocarnaval.com.br\/pt_br\/wp-json\/wp\/v2\/posts"}],"about":[{"href":"https:\/\/mundodocarnaval.com.br\/pt_br\/wp-json\/wp\/v2\/types\/post"}],"author":[{"embeddable":true,"href":"https:\/\/mundodocarnaval.com.br\/pt_br\/wp-json\/wp\/v2\/users\/1"}],"replies":[{"embeddable":true,"href":"https:\/\/mundodocarnaval.com.br\/pt_br\/wp-json\/wp\/v2\/comments?post=2914"}],"version-history":[{"count":1,"href":"https:\/\/mundodocarnaval.com.br\/pt_br\/wp-json\/wp\/v2\/posts\/2914\/revisions"}],"predecessor-version":[{"id":2916,"href":"https:\/\/mundodocarnaval.com.br\/pt_br\/wp-json\/wp\/v2\/posts\/2914\/revisions\/2916"}],"wp:featuredmedia":[{"embeddable":true,"href":"https:\/\/mundodocarnaval.com.br\/pt_br\/wp-json\/wp\/v2\/media\/2915"}],"wp:attachment":[{"href":"https:\/\/mundodocarnaval.com.br\/pt_br\/wp-json\/wp\/v2\/media?parent=2914"}],"wp:term":[{"taxonomy":"category","embeddable":true,"href":"https:\/\/mundodocarnaval.com.br\/pt_br\/wp-json\/wp\/v2\/categories?post=2914"},{"taxonomy":"post_tag","embeddable":true,"href":"https:\/\/mundodocarnaval.com.br\/pt_br\/wp-json\/wp\/v2\/tags?post=2914"}],"curies":[{"name":"wp","href":"https:\/\/api.w.org\/{rel}","templated":true}]}}