{"id":2921,"date":"2025-06-16T16:36:08","date_gmt":"2025-06-16T19:36:08","guid":{"rendered":"https:\/\/mundodocarnaval.com.br\/?p=2921"},"modified":"2025-06-16T16:36:08","modified_gmt":"2025-06-16T19:36:08","slug":"liga-do-carnaval-virtual-celebra-10-anos-e-se-prepara-para-desfiles-de-2025","status":"publish","type":"post","link":"https:\/\/mundodocarnaval.com.br\/pt_br\/liga-do-carnaval-virtual-celebra-10-anos-e-se-prepara-para-desfiles-de-2025\/","title":{"rendered":"Liga do Carnaval Virtual celebra 10 anos e se prepara para desfiles de 2025"},"content":{"rendered":"<p>Liga do Carnaval Virtual celebra 10 anos e se prepara para desfiles de 2025<\/p>\n<p>Os preparativos para o Carnaval Virtual 2025 est\u00e3o a todo vapor. Sob comando do CAV, o conhecido \u201cdesfile de desenho\u201d j\u00e1 tem datas para acontecer neste ano, onde completa 10 anos de gest\u00e3o. A modalidade, que existe desde 2003, j\u00e1 revelou grandes nomes para o carnaval real como os carnavalescos Jorge Silveira, Jo\u00e3o Vitor Ara\u00fajo, Renato Esteves, Guilherme Estev\u00e3o, Lucas Milato, Nicolas Gon\u00e7alves, Marcus Ferreira, entre outros talentos.<\/p>\n<p>Atualmente a liga \u00e9 composta por 44 agremia\u00e7\u00f5es, divididas em 3 grupos: Acesso 2, Acesso 1 e Grupo Especial. A ordem dos desfiles ser\u00e1 realizada em um sorteio no dia 30 de agosto. No momento as agremia\u00e7\u00f5es est\u00e3o em fase de grava\u00e7\u00f5es dos sambas, para os desfiles que acontecem em uma passarela virtual.<\/p>\n<p>&#8211; Muitas pessoas veem o carnaval virtual como uma brincadeira, mas \u00e9 uma verdadeira vitrine de talentos. Temos grandes nomes que foram revelados pelo carnaval virtual, n\u00e3o s\u00f3 carnavalescos como int\u00e9rpretes e enredistas tamb\u00e9m. Assim como o real, temos prazos, escolas realizam disputa de samba, e a cada ano sentimos que o nosso espet\u00e1culo cresce ainda mais \u2013 revela Diego Ara\u00fajo.<\/p>\n<p>Sob a gest\u00e3o de Diego Ara\u00fajo, o CAV segue seu calend\u00e1rio para os desfiles de 2025, onde ser\u00e1 realizado no dia 1\u00ba de novembro o Grupo de acesso 2, nos dias 8 e 9 de novembro o Grupo de acesso 1 e fechando os trabalhos no dia 22 e 23 de novembro com o Grupo Especial. O resultado final \u00e9 revelado com a apura\u00e7\u00e3o realizada no dia 07 de dezembro.<\/p>\n<p>Os interessados em acompanhar mais sobre o projeto podem \u00e9 s\u00f3 acessar as redes @carnavalvirtual_oficial<\/p>\n","protected":false},"excerpt":{"rendered":"<p>Liga do Carnaval Virtual celebra 10 anos e se prepara para desfiles de 2025 Os preparativos para o Carnaval Virtual 2025 est\u00e3o a todo vapor. Sob comando do CAV, o conhecido \u201cdesfile de desenho\u201d j\u00e1 tem datas para acontecer neste ano, onde completa 10 anos de gest\u00e3o. A modalidade, que existe desde 2003, j\u00e1 revelou [&hellip;]<\/p>\n","protected":false},"author":1,"featured_media":2922,"comment_status":"closed","ping_status":"closed","sticky":false,"template":"","format":"standard","meta":{"footnotes":""},"categories":[11],"tags":[],"class_list":["post-2921","post","type-post","status-publish","format-standard","has-post-thumbnail","hentry","category-noticias"],"_links":{"self":[{"href":"https:\/\/mundodocarnaval.com.br\/pt_br\/wp-json\/wp\/v2\/posts\/2921","targetHints":{"allow":["GET"]}}],"collection":[{"href":"https:\/\/mundodocarnaval.com.br\/pt_br\/wp-json\/wp\/v2\/posts"}],"about":[{"href":"https:\/\/mundodocarnaval.com.br\/pt_br\/wp-json\/wp\/v2\/types\/post"}],"author":[{"embeddable":true,"href":"https:\/\/mundodocarnaval.com.br\/pt_br\/wp-json\/wp\/v2\/users\/1"}],"replies":[{"embeddable":true,"href":"https:\/\/mundodocarnaval.com.br\/pt_br\/wp-json\/wp\/v2\/comments?post=2921"}],"version-history":[{"count":1,"href":"https:\/\/mundodocarnaval.com.br\/pt_br\/wp-json\/wp\/v2\/posts\/2921\/revisions"}],"predecessor-version":[{"id":2923,"href":"https:\/\/mundodocarnaval.com.br\/pt_br\/wp-json\/wp\/v2\/posts\/2921\/revisions\/2923"}],"wp:featuredmedia":[{"embeddable":true,"href":"https:\/\/mundodocarnaval.com.br\/pt_br\/wp-json\/wp\/v2\/media\/2922"}],"wp:attachment":[{"href":"https:\/\/mundodocarnaval.com.br\/pt_br\/wp-json\/wp\/v2\/media?parent=2921"}],"wp:term":[{"taxonomy":"category","embeddable":true,"href":"https:\/\/mundodocarnaval.com.br\/pt_br\/wp-json\/wp\/v2\/categories?post=2921"},{"taxonomy":"post_tag","embeddable":true,"href":"https:\/\/mundodocarnaval.com.br\/pt_br\/wp-json\/wp\/v2\/tags?post=2921"}],"curies":[{"name":"wp","href":"https:\/\/api.w.org\/{rel}","templated":true}]}}