{"id":2931,"date":"2025-06-19T16:28:42","date_gmt":"2025-06-19T19:28:42","guid":{"rendered":"https:\/\/mundodocarnaval.com.br\/?p=2931"},"modified":"2025-06-19T16:28:43","modified_gmt":"2025-06-19T19:28:43","slug":"unidos-de-vila-isabel-apresenta-sinopse-para-o-carnaval-2026","status":"publish","type":"post","link":"https:\/\/mundodocarnaval.com.br\/pt_br\/unidos-de-vila-isabel-apresenta-sinopse-para-o-carnaval-2026\/","title":{"rendered":"Unidos de Vila Isabel apresenta sinopse para o Carnaval 2026"},"content":{"rendered":"<p>Unidos de Vila Isabel apresenta sinopse para o Carnaval 2026 <\/p>\n<p>Evento reuniu compositores, integrantes da comunidade e segmentos da escola na quadra da agremia\u00e7\u00e3o<\/p>\n<p>A Unidos de Vila Isabel apresentou na noite desta segunda-feira (16) a sinopse do enredo que levar\u00e1 para a Marqu\u00eas de Sapuca\u00ed no Carnaval 2026. O evento, realizado na quadra da agremia\u00e7\u00e3o, reuniu compositores, integrantes da comunidade e segmentos da escola, que acompanharam a explana\u00e7\u00e3o dos carnavalescos Gabriel Haddad e Leonardo Bora sobre a narrativa escolhida para o desenvolvimento do desfile.<\/p>\n<p>Intitulado \u201cMacumbemb\u00ea, Samboremb\u00e1: Sonhei que um Sambista Sonhou a \u00c1frica\u201d, o enredo parte de um olhar on\u00edrico para homenagear o multiartista Heitor dos Prazeres, a quem \u00e9 atribu\u00edda a cria\u00e7\u00e3o dos termos &#8220;Pequena \u00c1frica&#8221; e &#8220;\u00c1frica em miniatura&#8221; para se referir \u00e0 regi\u00e3o da antiga Pra\u00e7a Onze. \u201cNosso enredo \u00e9 o sonho de um sambista, ent\u00e3o, mais do que nunca, precisamos de um samba potente e po\u00e9tico, que consiga unir o tom nost\u00e1lgico, perfumado, de um enredo que fala do pr\u00f3prio Carnaval, com o teor aguerrido, valente, que caracteriza alguns dos melhores sambas da hist\u00f3ria da Vila. O samba \u00e9 a pe\u00e7a fundamental. Esperamos que os compositores estejam muito inspirados e dispostos a mergulhar nas tintas que colorem essa hist\u00f3ria\u201d, disse Haddad.<\/p>\n<p>Bora destacou que o enredo compartilha das mesmas caracter\u00edsticas das obras do homenageado. \u201cO enredo \u00e9 claro, din\u00e2mico, vivo, como s\u00e3o as pinturas de Heitor, que t\u00e3o bem expressam a modernidade negra e as nuances de uma cidade que se transformava em ritmo acelerado. O samba \u00e9 a grande express\u00e3o musical das \u00c1fricas imaginadas, sonhadas, no cora\u00e7\u00e3o e nos sub\u00farbios do Rio. Fazer um samba sobre um sambista que fundou escolas de samba e participou dos primeiros concursos de samba \u00e9 uma responsabilidade imensa. S\u00f3 podemos esperar o melhor!\u201d<\/p>\n<p>Heitor dos Prazeres dizia que pintar era como sonhar. E ele sonhava uma \u00c1frica festiva e m\u00faltipla no Rio de Janeiro, explica o pesquisador Vinicius Natal. \u201cHeitor finalmente conheceu a diversidade do continente africano durante o Primeiro Festival Mundial de Artes Negras, realizado em Dakar, no \u00faltimo ano da sua vida terrena. \u00c9 muito importante que o samba da Vila consiga viajar nesse sonho que une mem\u00f3rias e afetos, reunindo a comunidade em busca do nosso sonho maior, que \u00e9 ganhar o Carnaval\u201d, declara Natal.<\/p>\n<p>Recentemente, a azul e branca de Noel divulgou o calend\u00e1rio da disputa de samba-enredo deste ano. A novidade \u00e9 a abertura da competi\u00e7\u00e3o para todas as parcerias, isto \u00e9, a presen\u00e7a de integrantes da ala de compositores da escola n\u00e3o \u00e9 obrigat\u00f3ria.<\/p>\n<p>Os compositores ter\u00e3o pouco mais de um m\u00eas para entregar as letras. A inscri\u00e7\u00e3o \u00e9 gratuita e cada parceria dever\u00e1 ser composta por at\u00e9 oito integrantes. A festa para escolher o novo hino da azul e branca de Noel ser\u00e1 realizada em 12 de setembro, na quadra da agremia\u00e7\u00e3o.<\/p>\n<p>A Vila Isabel ser\u00e1 a segunda escola a desfilar na ter\u00e7a-feira de Carnaval.<\/p>\n","protected":false},"excerpt":{"rendered":"<p>Unidos de Vila Isabel apresenta sinopse para o Carnaval 2026 Evento reuniu compositores, integrantes da comunidade e segmentos da escola na quadra da agremia\u00e7\u00e3o A Unidos de Vila Isabel apresentou na noite desta segunda-feira (16) a sinopse do enredo que levar\u00e1 para a Marqu\u00eas de Sapuca\u00ed no Carnaval 2026. O evento, realizado na quadra da [&hellip;]<\/p>\n","protected":false},"author":1,"featured_media":2932,"comment_status":"closed","ping_status":"closed","sticky":false,"template":"","format":"standard","meta":{"footnotes":""},"categories":[12],"tags":[],"class_list":["post-2931","post","type-post","status-publish","format-standard","has-post-thumbnail","hentry","category-grupo-especial"],"_links":{"self":[{"href":"https:\/\/mundodocarnaval.com.br\/pt_br\/wp-json\/wp\/v2\/posts\/2931","targetHints":{"allow":["GET"]}}],"collection":[{"href":"https:\/\/mundodocarnaval.com.br\/pt_br\/wp-json\/wp\/v2\/posts"}],"about":[{"href":"https:\/\/mundodocarnaval.com.br\/pt_br\/wp-json\/wp\/v2\/types\/post"}],"author":[{"embeddable":true,"href":"https:\/\/mundodocarnaval.com.br\/pt_br\/wp-json\/wp\/v2\/users\/1"}],"replies":[{"embeddable":true,"href":"https:\/\/mundodocarnaval.com.br\/pt_br\/wp-json\/wp\/v2\/comments?post=2931"}],"version-history":[{"count":1,"href":"https:\/\/mundodocarnaval.com.br\/pt_br\/wp-json\/wp\/v2\/posts\/2931\/revisions"}],"predecessor-version":[{"id":2933,"href":"https:\/\/mundodocarnaval.com.br\/pt_br\/wp-json\/wp\/v2\/posts\/2931\/revisions\/2933"}],"wp:featuredmedia":[{"embeddable":true,"href":"https:\/\/mundodocarnaval.com.br\/pt_br\/wp-json\/wp\/v2\/media\/2932"}],"wp:attachment":[{"href":"https:\/\/mundodocarnaval.com.br\/pt_br\/wp-json\/wp\/v2\/media?parent=2931"}],"wp:term":[{"taxonomy":"category","embeddable":true,"href":"https:\/\/mundodocarnaval.com.br\/pt_br\/wp-json\/wp\/v2\/categories?post=2931"},{"taxonomy":"post_tag","embeddable":true,"href":"https:\/\/mundodocarnaval.com.br\/pt_br\/wp-json\/wp\/v2\/tags?post=2931"}],"curies":[{"name":"wp","href":"https:\/\/api.w.org\/{rel}","templated":true}]}}