{"id":2937,"date":"2025-06-19T16:49:46","date_gmt":"2025-06-19T19:49:46","guid":{"rendered":"https:\/\/mundodocarnaval.com.br\/?p=2937"},"modified":"2025-06-19T16:49:46","modified_gmt":"2025-06-19T19:49:46","slug":"tijuca-tenis-clube-recebe-concurso-de-musicas-com-poetas-do-carnaval","status":"publish","type":"post","link":"https:\/\/mundodocarnaval.com.br\/pt_br\/tijuca-tenis-clube-recebe-concurso-de-musicas-com-poetas-do-carnaval\/","title":{"rendered":"Tijuca T\u00eanis Clube recebe concurso de m\u00fasicas com poetas do carnaval"},"content":{"rendered":"<p>Tijuca T\u00eanis Clube recebe concurso de m\u00fasicas com poetas do carnaval neste s\u00e1bado<\/p>\n<p>Os int\u00e9rpretes Emerson Dias e Ciganey, o gari Renato Sorriso e o jornalista Marcelo Faria do Portal Sambrasil ser\u00e3o homenageados<\/p>\n<p>O concurso cultural Roda dos Poetas promover\u00e1 a sua s\u00e9tima edi\u00e7\u00e3o no pr\u00f3ximo s\u00e1bado, 21, a partir das 15 horas no Tijuca T\u00eanis Clube recebendo compositores do carnaval carioca em 12 m\u00fasicas autorais. O concurso premiar\u00e1 uma can\u00e7\u00e3o pelo voto popular e tr\u00eas can\u00e7\u00f5es pelo voto do j\u00fari, al\u00e9m de premia\u00e7\u00e3o para melhor int\u00e9rprete, com o objetivo de ressaltar que os compositores das escolas de samba n\u00e3o s\u00f3 comp\u00f5em samba-enredo, como tamb\u00e9m m\u00fasicas em diversos g\u00eaneros. <\/p>\n<p>Nesta edi\u00e7\u00e3o, ser\u00e3o homenageados os int\u00e9rpretes Emerson Dias e Ciganey, o gari Renato Sorriso e o jornalista Marcelo Faria do portal Sambrasil. Al\u00e9m das homenagens \u00e0s personalidades que fizeram hist\u00f3ria com servi\u00e7os prestados ao carnaval, essa edi\u00e7\u00e3o tamb\u00e9m prestar\u00e1 homenagem ao Armaz\u00e9m do Senado e ao Samba do Doutor. A atra\u00e7\u00e3o musical ficar\u00e1 por conta do grupo Samba Bessa que acompanhar\u00e1 todas as apresenta\u00e7\u00f5es. O concurso foi aberto a todos os poetas do carnaval, ou n\u00e3o, interessados em apresentar e divulgar as suas m\u00fasicas autorais. Os poetas ser\u00e3o recebidos no palco e apresentados como verdadeiros artistas, pois compor \u00e9 arte. Assim como nas demais edi\u00e7\u00f5es, a apresenta\u00e7\u00e3o ficar\u00e1 \u00e0 cargo de um grupo de m\u00fasicos liderados pelo cantor, compositor e produtor musical, Leonardo Bessa.<\/p>\n<p>A Roda dos Poetas preparou uma equipe de jurados de peso. Estar\u00e3o no j\u00fari: Nelson Aguiar, chefe de Gabinete subprefeitura da Grande Tijuca; Maria L\u00eddia, jornalista e presidente do COMDEDINE RIO; Nilcemar Nogueira, fundadora do Museu do Samba e ex secret\u00e1ria de Cultura do Rio de Janeiro; On\u00e9sio Meirelles, produtor, escritor e advogado; Geisa Ketti, cantora,  produtora e jornalista; Edson Luiz Ara\u00fajo e C\u00edcero Lima, vice-presidentes do Tijuca T\u00eanis Clube e Freddy Ferreira, jornalista do site Carnavalesco.<\/p>\n<p>Os ingressos poder\u00e3o ser obtidos antecipadamente no Sympla ou na bilheteria do evento por R$ 25,00, a pista e R$ 30,00, a mesa. Quem preferir pode adquirir a mesa com 4 entradas por R$ 100,00.<\/p>\n<p>O Tijuca T\u00eanis Clube fica localizado na rua Conde de Bonfim, 451 \u2013 Tijuca. A classifica\u00e7\u00e3o \u00e9 livre.<\/p>\n<p>Fotos: Divulga\u00e7\u00e3o<\/p>\n<p>Servi\u00e7o:<\/p>\n<p>Roda dos Poetas \u2013 7\u00aa Edi\u00e7\u00e3o<\/p>\n<p>Dia 21 de junho de 2025<\/p>\n<p>Local: Tijuca T\u00eanis Clube &#8211; rua Conde de Bonfim, 451 \u2013 Tijuca<\/p>\n<p>Hor\u00e1rio das 15h \u00e0s 21h<\/p>\n<p>Ingressos: Pista &#8211; R$ 25 \/ Mesa &#8211; R$ 30 \/ Mesa com 4 convites \u2013 R$ 100,00<\/p>\n<p>Link de Vendas Antecipadas &#8211; https:\/\/www.sympla.com.br\/evento\/roda-dos-poetas-setima-edicao\/2956228  <\/p>\n","protected":false},"excerpt":{"rendered":"<p>Tijuca T\u00eanis Clube recebe concurso de m\u00fasicas com poetas do carnaval neste s\u00e1bado Os int\u00e9rpretes Emerson Dias e Ciganey, o gari Renato Sorriso e o jornalista Marcelo Faria do Portal Sambrasil ser\u00e3o homenageados O concurso cultural Roda dos Poetas promover\u00e1 a sua s\u00e9tima edi\u00e7\u00e3o no pr\u00f3ximo s\u00e1bado, 21, a partir das 15 horas no Tijuca [&hellip;]<\/p>\n","protected":false},"author":1,"featured_media":2938,"comment_status":"closed","ping_status":"closed","sticky":false,"template":"","format":"standard","meta":{"footnotes":""},"categories":[11],"tags":[],"class_list":["post-2937","post","type-post","status-publish","format-standard","has-post-thumbnail","hentry","category-noticias"],"_links":{"self":[{"href":"https:\/\/mundodocarnaval.com.br\/pt_br\/wp-json\/wp\/v2\/posts\/2937","targetHints":{"allow":["GET"]}}],"collection":[{"href":"https:\/\/mundodocarnaval.com.br\/pt_br\/wp-json\/wp\/v2\/posts"}],"about":[{"href":"https:\/\/mundodocarnaval.com.br\/pt_br\/wp-json\/wp\/v2\/types\/post"}],"author":[{"embeddable":true,"href":"https:\/\/mundodocarnaval.com.br\/pt_br\/wp-json\/wp\/v2\/users\/1"}],"replies":[{"embeddable":true,"href":"https:\/\/mundodocarnaval.com.br\/pt_br\/wp-json\/wp\/v2\/comments?post=2937"}],"version-history":[{"count":1,"href":"https:\/\/mundodocarnaval.com.br\/pt_br\/wp-json\/wp\/v2\/posts\/2937\/revisions"}],"predecessor-version":[{"id":2939,"href":"https:\/\/mundodocarnaval.com.br\/pt_br\/wp-json\/wp\/v2\/posts\/2937\/revisions\/2939"}],"wp:featuredmedia":[{"embeddable":true,"href":"https:\/\/mundodocarnaval.com.br\/pt_br\/wp-json\/wp\/v2\/media\/2938"}],"wp:attachment":[{"href":"https:\/\/mundodocarnaval.com.br\/pt_br\/wp-json\/wp\/v2\/media?parent=2937"}],"wp:term":[{"taxonomy":"category","embeddable":true,"href":"https:\/\/mundodocarnaval.com.br\/pt_br\/wp-json\/wp\/v2\/categories?post=2937"},{"taxonomy":"post_tag","embeddable":true,"href":"https:\/\/mundodocarnaval.com.br\/pt_br\/wp-json\/wp\/v2\/tags?post=2937"}],"curies":[{"name":"wp","href":"https:\/\/api.w.org\/{rel}","templated":true}]}}