{"id":2940,"date":"2025-06-19T16:57:11","date_gmt":"2025-06-19T19:57:11","guid":{"rendered":"https:\/\/mundodocarnaval.com.br\/?p=2940"},"modified":"2025-06-19T16:57:11","modified_gmt":"2025-06-19T19:57:11","slug":"unidos-do-jacarezinho-celebra-aniversario-com-show-da-mangueira","status":"publish","type":"post","link":"https:\/\/mundodocarnaval.com.br\/pt_br\/unidos-do-jacarezinho-celebra-aniversario-com-show-da-mangueira\/","title":{"rendered":"Unidos do Jacarezinho celebra anivers\u00e1rio com show da Mangueira"},"content":{"rendered":"<p>Unidos do Jacarezinho celebra anivers\u00e1rio com show da Mangueira nesta sexta-feira<br \/>\nEvento comemorativo acontece a partir das 20h na quadra com entrada franca<\/p>\n<p>A Unidos do Jacarezinho que completou 59 anos de funda\u00e7\u00e3o prepara para a pr\u00f3xima sexta-feira, 20 de junho, uma grande festa para comemorar em grande estilo seu anivers\u00e1rio. Retornando \u00e0 Marqu\u00eas de Sapuca\u00ed no pr\u00f3ximo carnaval, a escola celebrar\u00e1 a data recebendo a Esta\u00e7\u00e3o Primeira de Mangueira em sua quadra a partir das 20 horas com entrada franca.<\/p>\n<p>Al\u00e9m do show dos segmentos e da apresenta\u00e7\u00e3o da equipe 2026, o grupo Samba Bom abre os festejos na quadra. A agremia\u00e7\u00e3o preparou um show especial para brindar os presentes. Encerrando a noite, a rosa e branca do Jacar\u00e9 receber\u00e1 o show da verde e rosa, a madrinha Esta\u00e7\u00e3o Primeira de Mangueira.<\/p>\n<p>A Unidos do Jacarezinho nasceu da fus\u00e3o de tr\u00eas agremia\u00e7\u00f5es: Unidos do Morro Azul, de cores azul e rosa, fundada em 28 de mar\u00e7o de 1946 por Dona Andressa Moreira da Silva, l\u00edder comunit\u00e1ria e uma das primeiras mulheres a assumir a presid\u00eancia de uma escola de samba; Unidos do Jacar\u00e9, de cores verde e rosa; e pelo bloco carnavalesco &#8220;N\u00e3o Tem Mosquito&#8221;, de cores vermelho e branco.<\/p>\n<p>Em 2026 a agremia\u00e7\u00e3o ser\u00e1 a primeira escola a pisar na Sapuca\u00ed na sexta-feira de carnaval, dia 13 de fevereiro pela S\u00e9rie Ouro. A quadra de ensaios fica localizada na Avenida Dom H\u00e9lder C\u00e2mara n\u00ba 2233.<\/p>\n<p>Cr\u00e9ditos: Divulga\u00e7\u00e3o<\/p>\n","protected":false},"excerpt":{"rendered":"<p>Unidos do Jacarezinho celebra anivers\u00e1rio com show da Mangueira nesta sexta-feira Evento comemorativo acontece a partir das 20h na quadra com entrada franca A Unidos do Jacarezinho que completou 59 anos de funda\u00e7\u00e3o prepara para a pr\u00f3xima sexta-feira, 20 de junho, uma grande festa para comemorar em grande estilo seu anivers\u00e1rio. Retornando \u00e0 Marqu\u00eas de [&hellip;]<\/p>\n","protected":false},"author":1,"featured_media":2941,"comment_status":"closed","ping_status":"closed","sticky":false,"template":"","format":"standard","meta":{"footnotes":""},"categories":[11],"tags":[],"class_list":["post-2940","post","type-post","status-publish","format-standard","has-post-thumbnail","hentry","category-noticias"],"_links":{"self":[{"href":"https:\/\/mundodocarnaval.com.br\/pt_br\/wp-json\/wp\/v2\/posts\/2940","targetHints":{"allow":["GET"]}}],"collection":[{"href":"https:\/\/mundodocarnaval.com.br\/pt_br\/wp-json\/wp\/v2\/posts"}],"about":[{"href":"https:\/\/mundodocarnaval.com.br\/pt_br\/wp-json\/wp\/v2\/types\/post"}],"author":[{"embeddable":true,"href":"https:\/\/mundodocarnaval.com.br\/pt_br\/wp-json\/wp\/v2\/users\/1"}],"replies":[{"embeddable":true,"href":"https:\/\/mundodocarnaval.com.br\/pt_br\/wp-json\/wp\/v2\/comments?post=2940"}],"version-history":[{"count":1,"href":"https:\/\/mundodocarnaval.com.br\/pt_br\/wp-json\/wp\/v2\/posts\/2940\/revisions"}],"predecessor-version":[{"id":2942,"href":"https:\/\/mundodocarnaval.com.br\/pt_br\/wp-json\/wp\/v2\/posts\/2940\/revisions\/2942"}],"wp:featuredmedia":[{"embeddable":true,"href":"https:\/\/mundodocarnaval.com.br\/pt_br\/wp-json\/wp\/v2\/media\/2941"}],"wp:attachment":[{"href":"https:\/\/mundodocarnaval.com.br\/pt_br\/wp-json\/wp\/v2\/media?parent=2940"}],"wp:term":[{"taxonomy":"category","embeddable":true,"href":"https:\/\/mundodocarnaval.com.br\/pt_br\/wp-json\/wp\/v2\/categories?post=2940"},{"taxonomy":"post_tag","embeddable":true,"href":"https:\/\/mundodocarnaval.com.br\/pt_br\/wp-json\/wp\/v2\/tags?post=2940"}],"curies":[{"name":"wp","href":"https:\/\/api.w.org\/{rel}","templated":true}]}}