{"id":2946,"date":"2025-06-19T17:12:56","date_gmt":"2025-06-19T20:12:56","guid":{"rendered":"https:\/\/mundodocarnaval.com.br\/?p=2946"},"modified":"2025-06-19T17:12:57","modified_gmt":"2025-06-19T20:12:57","slug":"uniao-de-marica-promove-noite-de-samba-com-renan-oliveira","status":"publish","type":"post","link":"https:\/\/mundodocarnaval.com.br\/pt_br\/uniao-de-marica-promove-noite-de-samba-com-renan-oliveira\/","title":{"rendered":"Uni\u00e3o de Maric\u00e1 promove noite de samba com Renan Oliveira"},"content":{"rendered":"<p>Uni\u00e3o de Maric\u00e1 promove noite de samba com Renan Oliveira no pr\u00f3ximo s\u00e1bado (21)<br \/>\nIngressos est\u00e3o \u00e0 venda online e presencialmente no Centro de Maric\u00e1<\/p>\n<p>A Uni\u00e3o de Maric\u00e1 volta a abrir as portas da sua quadra para receber o p\u00fablico em mais uma grande celebra\u00e7\u00e3o no s\u00e1bado (21), a partir das 19h. Renan Oliveira ser\u00e1 a grande atra\u00e7\u00e3o e subir\u00e1 ao palco com seu show completo, levando ao p\u00fablico muito samba e energia. A abertura da noite ser\u00e1 com Rafael Ca\u00e7ula, trazendo o melhor do samba de raiz, e nos intervalos a festa fica sob o comando do DJ Bacalhau.<\/p>\n<p>Segundo o presidente Matheus Santos, a programa\u00e7\u00e3o refor\u00e7a o compromisso da escola em manter uma agenda cultural ativa, movimentando o cen\u00e1rio art\u00edstico da cidade. Recentemente, a Uni\u00e3o de Maric\u00e1 realizou a Feijoada de S\u00e3o Jorge, a comemora\u00e7\u00e3o pelos 10 anos de funda\u00e7\u00e3o e a festa de lan\u00e7amento do enredo para o Carnaval 2026. A quadra, mais do que um espa\u00e7o de ensaios, vem se consolidando como um polo cultural e de conviv\u00eancia em Maric\u00e1.<\/p>\n<p>&#8211;  Estamos construindo uma agenda cultural s\u00f3lida, que transforma nossa quadra em um espa\u00e7o de encontro, samba e pertencimento. \u00c9 uma alegria ver a escola pulsando n\u00e3o apenas no Carnaval, mas tamb\u00e9m ao longo do ano, fazendo parte da vida da cidade de Maric\u00e1 e fortalecendo nossos la\u00e7os com a comunidade. Queremos que cada vez mais pessoas se sintam parte da Uni\u00e3o de Maric\u00e1 e encontrem aqui um lugar de cultura e celebra\u00e7\u00e3o &#8211; destacou o presidente Matheus Santos.<\/p>\n<p>Os ingressos para o evento t\u00eam valor \u00fanico de R$ 20,00 e podem ser adquiridos antecipadamente pela plataforma Guich\u00eaweb, na quadra da escola (das 10h \u00e0s 20h) ou na loja Bazar na Rua, no Centro de Maric\u00e1 (9h \u00e0s 19h).<\/p>\n<p>Servi\u00e7o:<\/p>\n<p>Uni\u00e3o de Maric\u00e1 \u2013 Show com Renan Oliveira<br \/>\nData: 21 de junho (s\u00e1bado)<br \/>\nHor\u00e1rio de in\u00edcio: 19h<br \/>\nEndere\u00e7o: Quadra da Uni\u00e3o de Maric\u00e1 \u2013 Rodovia Amaral Peixoto, 29024 &#8211; Centro, Maric\u00e1<br \/>\nAtra\u00e7\u00f5es: Renan Oliveira, Rafael Ca\u00e7ula (abertura) e DJ Bacalhau (intervalos)<br \/>\nIngresso: R$ 20,00 \u2013 \u00e0 venda pela plataforma Guich\u00ea Web: https:\/\/www.guicheweb.com.br\/renan-oliveira-na-uniao-de-marica_43124 ou presencialmente:<br \/>\n\u2022\u2002Quadra da escola \u2013 Rodovia Amaral Peixoto, 29024, Centro \u2013 Maric\u00e1 (10h \u00e0s 20h)<br \/>\n\u2022\u2002Loja Bazar na Rua \u2013 Rua Azamor Jos\u00e9 da Silva, 200, Centro \u2013 Maric\u00e1 (9h \u00e0s 19h)<br \/>\nClassifica\u00e7\u00e3o et\u00e1ria: Livre<\/p>\n<p>Fotos: Divulga\u00e7\u00e3o<\/p>\n","protected":false},"excerpt":{"rendered":"<p>Uni\u00e3o de Maric\u00e1 promove noite de samba com Renan Oliveira no pr\u00f3ximo s\u00e1bado (21) Ingressos est\u00e3o \u00e0 venda online e presencialmente no Centro de Maric\u00e1 A Uni\u00e3o de Maric\u00e1 volta a abrir as portas da sua quadra para receber o p\u00fablico em mais uma grande celebra\u00e7\u00e3o no s\u00e1bado (21), a partir das 19h. Renan Oliveira [&hellip;]<\/p>\n","protected":false},"author":1,"featured_media":2947,"comment_status":"closed","ping_status":"closed","sticky":false,"template":"","format":"standard","meta":{"footnotes":""},"categories":[13],"tags":[],"class_list":["post-2946","post","type-post","status-publish","format-standard","has-post-thumbnail","hentry","category-fashion"],"_links":{"self":[{"href":"https:\/\/mundodocarnaval.com.br\/pt_br\/wp-json\/wp\/v2\/posts\/2946","targetHints":{"allow":["GET"]}}],"collection":[{"href":"https:\/\/mundodocarnaval.com.br\/pt_br\/wp-json\/wp\/v2\/posts"}],"about":[{"href":"https:\/\/mundodocarnaval.com.br\/pt_br\/wp-json\/wp\/v2\/types\/post"}],"author":[{"embeddable":true,"href":"https:\/\/mundodocarnaval.com.br\/pt_br\/wp-json\/wp\/v2\/users\/1"}],"replies":[{"embeddable":true,"href":"https:\/\/mundodocarnaval.com.br\/pt_br\/wp-json\/wp\/v2\/comments?post=2946"}],"version-history":[{"count":1,"href":"https:\/\/mundodocarnaval.com.br\/pt_br\/wp-json\/wp\/v2\/posts\/2946\/revisions"}],"predecessor-version":[{"id":2948,"href":"https:\/\/mundodocarnaval.com.br\/pt_br\/wp-json\/wp\/v2\/posts\/2946\/revisions\/2948"}],"wp:featuredmedia":[{"embeddable":true,"href":"https:\/\/mundodocarnaval.com.br\/pt_br\/wp-json\/wp\/v2\/media\/2947"}],"wp:attachment":[{"href":"https:\/\/mundodocarnaval.com.br\/pt_br\/wp-json\/wp\/v2\/media?parent=2946"}],"wp:term":[{"taxonomy":"category","embeddable":true,"href":"https:\/\/mundodocarnaval.com.br\/pt_br\/wp-json\/wp\/v2\/categories?post=2946"},{"taxonomy":"post_tag","embeddable":true,"href":"https:\/\/mundodocarnaval.com.br\/pt_br\/wp-json\/wp\/v2\/tags?post=2946"}],"curies":[{"name":"wp","href":"https:\/\/api.w.org\/{rel}","templated":true}]}}