{"id":2952,"date":"2025-06-19T20:52:08","date_gmt":"2025-06-19T23:52:08","guid":{"rendered":"https:\/\/mundodocarnaval.com.br\/?p=2952"},"modified":"2025-06-19T20:52:08","modified_gmt":"2025-06-19T23:52:08","slug":"beth-bejani-e-a-nova-coreografa-do-primeiro-casal-da-uniao-de-marica","status":"publish","type":"post","link":"https:\/\/mundodocarnaval.com.br\/pt_br\/beth-bejani-e-a-nova-coreografa-do-primeiro-casal-da-uniao-de-marica\/","title":{"rendered":"Beth Bejani \u00e9 a nova core\u00f3grafa do primeiro casal da Uni\u00e3o de Maric\u00e1"},"content":{"rendered":"<p>Beth Bejani \u00e9 a nova core\u00f3grafa do primeiro casal da Uni\u00e3o de Maric\u00e1 para o Carnaval 2026<br \/>\nCom ampla experi\u00eancia, ela assume a dire\u00e7\u00e3o de movimentos de Fabr\u00edcio Pires e Giovanna Justo, refor\u00e7ando a busca da escola pelo t\u00edtulo da S\u00e9rie Ouro<br \/>\nA Uni\u00e3o de Maric\u00e1 tem mais um nome de peso rumo \u00e0 S\u00e9rie Ouro do Carnaval 2026. A escola acertou com a contrata\u00e7\u00e3o da experiente core\u00f3grafa Beth Bejani para dirigir os movimentos do seu primeiro casal de mestre-sala e porta-bandeira, formado por Fabr\u00edcio Pires e Giovanna Justo. Com uma trajet\u00f3ria de sucesso, Beth chega para somar com sua experi\u00eancia junto aos premiados defensores do pavilh\u00e3o maricaense.<\/p>\n<p>Beth Bejani traz um hist\u00f3rico de sucesso no universo do samba, com passagens marcantes ao longo de quase duas d\u00e9cadas. De 2005 a 2009, esteve \u00e0 frente da dire\u00e7\u00e3o de movimentos do primeiro casal da Mangueira, quando trabalhou com Giovanna Justo. Entre 2010 e 2012, repetiu a parceria na Unidos da Tijuca. Em seguida, de 2013 a 2018, dirigiu o casal do Salgueiro, Marcella e Sidcley, e desde 2019 vem comandando o primeiro casal da Grande Rio, Daniel e Taciana. Al\u00e9m disso, Beth tamb\u00e9m trabalhou com J\u00e9ssica e Vin\u00edcius, na Unidos de Padre Miguel.<\/p>\n<p>Beth Bejani recebeu o convite da Uni\u00e3o de Maric\u00e1 com grande entusiasmo. Ela ressaltou a import\u00e2ncia do momento, que marca uma volta ao trabalho com a porta-bandeira Giovanna. Para a core\u00f3grafa, essa parceria representa o reencontro de uma hist\u00f3ria de paix\u00e3o e dedica\u00e7\u00e3o \u00e0 dan\u00e7a de casal.<\/p>\n<p>&#8211; Foi com grande alegria que aceitei o convite da Uni\u00e3o de Maric\u00e1 para a dire\u00e7\u00e3o de movimentos do seu primeiro casal e agrade\u00e7o a confian\u00e7a. Em 2005, exatamente 20 anos atr\u00e1s, H\u00e9lio e eu cheg\u00e1vamos ao Carnaval para esse mesmo trabalho com Giovanna e Marquinho na \u00e9poca. A experi\u00eancia e troca que tive ao lado de Giovanna, uma grande artista, me despertou toda paix\u00e3o pela dan\u00e7a de casal &#8211; disse.<\/p>\n<p>Beth tamb\u00e9m destacou que o trabalho vai muito al\u00e9m do aspecto visual. Para ela, \u00e9 essencial transmitir emo\u00e7\u00e3o, tradi\u00e7\u00e3o e cuidado em cada passo, sobretudo pela responsabilidade de apresentar o pavilh\u00e3o, s\u00edmbolo maior da comunidade representada pela escola. Essa responsabilidade, segundo a core\u00f3grafa, \u00e9 um desafio que requer dedica\u00e7\u00e3o e sensibilidade.<\/p>\n<p>&#8211; Juntos, buscaremos n\u00e3o apenas a beleza est\u00e9tica e t\u00e9cnica, mas a emo\u00e7\u00e3o, a tradi\u00e7\u00e3o e o cuidado, afinal \u00e9 um desafio de tamanha responsabilidade apresentar o pavilh\u00e3o, representando toda uma comunidade &#8211; completou Beth, que tamb\u00e9m demonstrou grande expectativa para esse novo ciclo:<\/p>\n<p>&#8211; Estou ansiosa para reencontrar muitas conex\u00f5es, especialmente com Giovanna e Fabr\u00edcio, mas tamb\u00e9m com o querido amigo Leandro Vieira, com quem compartilhei v\u00e1rios carnavais. Ser\u00e1 uma alegria celebrar todas as nossas hist\u00f3rias nesse novo cap\u00edtulo pela Uni\u00e3o de Maric\u00e1 &#8211; finalizou.<\/p>\n<p>Em 2026, a Uni\u00e3o de Maric\u00e1 ser\u00e1 a sexta escola a desfilar no s\u00e1bado, 14 de fevereiro, na Marqu\u00eas de Sapuca\u00ed.<\/p>\n<p>Foto: Divulga\u00e7\u00e3o\/Uni\u00e3o de Maric\u00e1<\/p>\n","protected":false},"excerpt":{"rendered":"<p>Beth Bejani \u00e9 a nova core\u00f3grafa do primeiro casal da Uni\u00e3o de Maric\u00e1 para o Carnaval 2026 Com ampla experi\u00eancia, ela assume a dire\u00e7\u00e3o de movimentos de Fabr\u00edcio Pires e Giovanna Justo, refor\u00e7ando a busca da escola pelo t\u00edtulo da S\u00e9rie Ouro A Uni\u00e3o de Maric\u00e1 tem mais um nome de peso rumo \u00e0 S\u00e9rie [&hellip;]<\/p>\n","protected":false},"author":1,"featured_media":2953,"comment_status":"closed","ping_status":"closed","sticky":false,"template":"","format":"standard","meta":{"footnotes":""},"categories":[13],"tags":[],"class_list":["post-2952","post","type-post","status-publish","format-standard","has-post-thumbnail","hentry","category-fashion"],"_links":{"self":[{"href":"https:\/\/mundodocarnaval.com.br\/pt_br\/wp-json\/wp\/v2\/posts\/2952","targetHints":{"allow":["GET"]}}],"collection":[{"href":"https:\/\/mundodocarnaval.com.br\/pt_br\/wp-json\/wp\/v2\/posts"}],"about":[{"href":"https:\/\/mundodocarnaval.com.br\/pt_br\/wp-json\/wp\/v2\/types\/post"}],"author":[{"embeddable":true,"href":"https:\/\/mundodocarnaval.com.br\/pt_br\/wp-json\/wp\/v2\/users\/1"}],"replies":[{"embeddable":true,"href":"https:\/\/mundodocarnaval.com.br\/pt_br\/wp-json\/wp\/v2\/comments?post=2952"}],"version-history":[{"count":1,"href":"https:\/\/mundodocarnaval.com.br\/pt_br\/wp-json\/wp\/v2\/posts\/2952\/revisions"}],"predecessor-version":[{"id":2954,"href":"https:\/\/mundodocarnaval.com.br\/pt_br\/wp-json\/wp\/v2\/posts\/2952\/revisions\/2954"}],"wp:featuredmedia":[{"embeddable":true,"href":"https:\/\/mundodocarnaval.com.br\/pt_br\/wp-json\/wp\/v2\/media\/2953"}],"wp:attachment":[{"href":"https:\/\/mundodocarnaval.com.br\/pt_br\/wp-json\/wp\/v2\/media?parent=2952"}],"wp:term":[{"taxonomy":"category","embeddable":true,"href":"https:\/\/mundodocarnaval.com.br\/pt_br\/wp-json\/wp\/v2\/categories?post=2952"},{"taxonomy":"post_tag","embeddable":true,"href":"https:\/\/mundodocarnaval.com.br\/pt_br\/wp-json\/wp\/v2\/tags?post=2952"}],"curies":[{"name":"wp","href":"https:\/\/api.w.org\/{rel}","templated":true}]}}