{"id":2962,"date":"2025-06-21T16:37:33","date_gmt":"2025-06-21T19:37:33","guid":{"rendered":"https:\/\/mundodocarnaval.com.br\/?p=2962"},"modified":"2025-06-21T16:37:33","modified_gmt":"2025-06-21T19:37:33","slug":"unidos-da-tijuca-apresenta-novo-segundo-casal-de-mestre-sala-e-porta-bandeira","status":"publish","type":"post","link":"https:\/\/mundodocarnaval.com.br\/pt_br\/unidos-da-tijuca-apresenta-novo-segundo-casal-de-mestre-sala-e-porta-bandeira\/","title":{"rendered":"Unidos da Tijuca apresenta novo segundo casal de mestre-sala e porta-bandeira"},"content":{"rendered":"<p>Unidos da Tijuca apresenta novo segundo casal de mestre-sala e porta-bandeira<\/p>\n<p>Rafael Gomes e Thayanne Loureiro conduzir\u00e3o o segundo pavilh\u00e3o tijucano em 2026<\/p>\n<p>A Unidos da Tijuca, que segue com seu perfil de apostar na prata da casa, definiu o seu novo casal de mestre-sala e porta-bandeira para 2026: Rafael Gomes, que volta para a o posto ap\u00f3s a passagem do carnaval 2025 e Thayanne Loureiro, que defendeu o segundo pavilh\u00e3o da escola do Borel no carnaval de 2009. A dupla ser\u00e1 a respons\u00e1vel por conduzir e defender a segunda bandeira da agremia\u00e7\u00e3o.<\/p>\n<p>Rafael Gomes aprimorou a sua dan\u00e7a na escola de mestre-sala, porta-bandeira e porta-estandarte do mestre Manoel Dion\u00edsio e passou pelas agremia\u00e7\u00f5es: Vila Santa Tereza, Favo de Acari, Engenho da Rainha e foi campe\u00e3o com o Arranco do Engenho de Dentro, pela S\u00e9rie Prata em 2022. Estreou na Unidos da Tijuca em 2023, se afastando no \u00faltimo carnaval por motivos de sa\u00fade.<\/p>\n<p>Defensora do segundo pavilh\u00e3o tijucano em 2009, Thayanne Loureiro far\u00e1 par com Rafael Gomes no carnaval 2026. A nova segunda porta-bandeira \u00e9 formada em ballet cl\u00e1ssico, jazz, sapateado e dan\u00e7a contempor\u00e2nea. Atualmente cursa Pedagogia, aprofundando seus conhecimentos na \u00e1rea educacional com foco em arte e cultura. Iniciou sua trajet\u00f3ria no universo do samba em 2005, na tradicional escola do Mestre Manoel Dion\u00edsio. No ano seguinte, estreou oficialmente no carnaval como segunda porta-bandeira do Arrast\u00e3o de Cascadura, no desfile de 2006. Desde ent\u00e3o, acumulou experi\u00eancias como porta-bandeira passando por Uni\u00e3o da Ilha do Governador \u2014 onde conquistou a posi\u00e7\u00e3o de terceira porta-bandeira atrav\u00e9s de concurso, Acad\u00eamicos da Rocinha, Acad\u00eamicos de Santa Cruz, Inocentes de Belford Roxo e no \u00faltimo carnaval, exerceu a fun\u00e7\u00e3o de segunda porta-bandeira do Imp\u00e9rio da Tijuca.  Seu percurso inclui ainda atua\u00e7\u00f5es em escolas de fora do estado, como o Bambas da Alegria, no carnaval de Uruguaiana (RS).<\/p>\n<p>Assim como o primeiro casal, Matheus Miranda e Lucinha Nobre, a dupla tamb\u00e9m j\u00e1 iniciou os seus ensaios rumo ao pr\u00f3ximo desfile. A Unidos da Tijuca desfilar\u00e1 na Marqu\u00eas de Sapuca\u00ed dia 16 de fevereiro de 2026, segunda-feira de carnaval com o enredo \u201cCarolina Maria de Jesus\u201d. O enredo ser\u00e1 desenvolvido pelo carnavalesco Edson Pereira.<\/p>\n<p>Fotos: Geissa Evaristo<\/p>\n","protected":false},"excerpt":{"rendered":"<p>Unidos da Tijuca apresenta novo segundo casal de mestre-sala e porta-bandeira Rafael Gomes e Thayanne Loureiro conduzir\u00e3o o segundo pavilh\u00e3o tijucano em 2026 A Unidos da Tijuca, que segue com seu perfil de apostar na prata da casa, definiu o seu novo casal de mestre-sala e porta-bandeira para 2026: Rafael Gomes, que volta para a [&hellip;]<\/p>\n","protected":false},"author":1,"featured_media":2963,"comment_status":"closed","ping_status":"closed","sticky":false,"template":"","format":"standard","meta":{"footnotes":""},"categories":[12],"tags":[],"class_list":["post-2962","post","type-post","status-publish","format-standard","has-post-thumbnail","hentry","category-grupo-especial"],"_links":{"self":[{"href":"https:\/\/mundodocarnaval.com.br\/pt_br\/wp-json\/wp\/v2\/posts\/2962","targetHints":{"allow":["GET"]}}],"collection":[{"href":"https:\/\/mundodocarnaval.com.br\/pt_br\/wp-json\/wp\/v2\/posts"}],"about":[{"href":"https:\/\/mundodocarnaval.com.br\/pt_br\/wp-json\/wp\/v2\/types\/post"}],"author":[{"embeddable":true,"href":"https:\/\/mundodocarnaval.com.br\/pt_br\/wp-json\/wp\/v2\/users\/1"}],"replies":[{"embeddable":true,"href":"https:\/\/mundodocarnaval.com.br\/pt_br\/wp-json\/wp\/v2\/comments?post=2962"}],"version-history":[{"count":1,"href":"https:\/\/mundodocarnaval.com.br\/pt_br\/wp-json\/wp\/v2\/posts\/2962\/revisions"}],"predecessor-version":[{"id":2964,"href":"https:\/\/mundodocarnaval.com.br\/pt_br\/wp-json\/wp\/v2\/posts\/2962\/revisions\/2964"}],"wp:featuredmedia":[{"embeddable":true,"href":"https:\/\/mundodocarnaval.com.br\/pt_br\/wp-json\/wp\/v2\/media\/2963"}],"wp:attachment":[{"href":"https:\/\/mundodocarnaval.com.br\/pt_br\/wp-json\/wp\/v2\/media?parent=2962"}],"wp:term":[{"taxonomy":"category","embeddable":true,"href":"https:\/\/mundodocarnaval.com.br\/pt_br\/wp-json\/wp\/v2\/categories?post=2962"},{"taxonomy":"post_tag","embeddable":true,"href":"https:\/\/mundodocarnaval.com.br\/pt_br\/wp-json\/wp\/v2\/tags?post=2962"}],"curies":[{"name":"wp","href":"https:\/\/api.w.org\/{rel}","templated":true}]}}