{"id":2965,"date":"2025-06-21T18:04:04","date_gmt":"2025-06-21T21:04:04","guid":{"rendered":"https:\/\/mundodocarnaval.com.br\/?p=2965"},"modified":"2025-06-21T18:04:04","modified_gmt":"2025-06-21T21:04:04","slug":"vanessa-rangeli-e-a-nova-rainha-de-bateria-da-academicos-de-niteroi","status":"publish","type":"post","link":"https:\/\/mundodocarnaval.com.br\/pt_br\/vanessa-rangeli-e-a-nova-rainha-de-bateria-da-academicos-de-niteroi\/","title":{"rendered":"Vanessa Rangeli \u00e9 a nova Rainha de Bateria da Acad\u00eamicos de Niter\u00f3i"},"content":{"rendered":"<p>Vanessa Rangeli \u00e9 a nova Rainha de Bateria da Acad\u00eamicos de Niter\u00f3i<\/p>\n<p>A Acad\u00eamicos de Niter\u00f3i j\u00e1 tem uma nova majestade para a sua bateria. Vanessa Rangeli assume o posto e reinar\u00e1 absoluta \u00e0 frente dos ritmistas da Cad\u00eancia de Niter\u00f3i, comandados pelo Mestre Branco Ribeiro. A Consultora Fitness far\u00e1 a sua estreia no Grupo Especial junto \u00e0 agremia\u00e7\u00e3o no carnaval de 2026, na Marqu\u00eas de Sapuca\u00ed.<\/p>\n<p>Vanessa \u00e9 empres\u00e1ria e fundadora do maior programa de emagrecimento do Brasil, o Detox turbo. Em suas redes, que acumula mais de 750 mil seguidores, compartilha suas rotinas de treino, receitas fitness e dicas de bem-estar. No \u00faltimo carnaval, teve uma breve passagem como rainha de bateria da Inocentes de Belford Roxo.<\/p>\n<p>&#8211; Eu digo que sou uma sonhadora e ser rainha de bateria para mim \u00e9 a realiza\u00e7\u00e3o de um sonho n\u00e3o s\u00f3 meu. Me vejo como um espelho para outras mulheres que sonham, que batalham e lutam pelo seu espa\u00e7o. Me entregarei de corpo e alma e estarei totalmente conectada com meu mestre, ritmistas e toda escola. \u2013 Revela Vanessa.<\/p>\n<p>Para o seu an\u00fancio, Vanessa optou por um ensaio fotogr\u00e1fico em pontos tur\u00edsticos da cidade sorriso e tamb\u00e9m foi recebida por integrantes da agremia\u00e7\u00e3o j\u00e1 iniciando seu entrosamento com a escola.<\/p>\n<p>&#8211; Escolhi esses pontos da cidade para iniciar a minha conex\u00e3o neste reinado. Pedir licen\u00e7a e mostrar um sinal de respeito onde estou chegando. Fui recebida com todo carinho pelos componentes da agremia\u00e7\u00e3o. Cada abra\u00e7o, cada palavra de incentivo, isso \u00e9 um g\u00e1s que nos ajuda a cada vez mais trilhar o nosso caminho. Que seja uma linda hist\u00f3ria com a Acad\u00eamicos de Niter\u00f3i \u2013 finaliza Vanessa.<\/p>\n<p>Fotos: S1 Fotografia \/ Divulga\u00e7\u00e3o Gardel Assessoria<\/p>\n","protected":false},"excerpt":{"rendered":"<p>Vanessa Rangeli \u00e9 a nova Rainha de Bateria da Acad\u00eamicos de Niter\u00f3i A Acad\u00eamicos de Niter\u00f3i j\u00e1 tem uma nova majestade para a sua bateria. Vanessa Rangeli assume o posto e reinar\u00e1 absoluta \u00e0 frente dos ritmistas da Cad\u00eancia de Niter\u00f3i, comandados pelo Mestre Branco Ribeiro. A Consultora Fitness far\u00e1 a sua estreia no Grupo [&hellip;]<\/p>\n","protected":false},"author":1,"featured_media":2966,"comment_status":"closed","ping_status":"closed","sticky":false,"template":"","format":"standard","meta":{"footnotes":""},"categories":[12],"tags":[],"class_list":["post-2965","post","type-post","status-publish","format-standard","has-post-thumbnail","hentry","category-grupo-especial"],"_links":{"self":[{"href":"https:\/\/mundodocarnaval.com.br\/pt_br\/wp-json\/wp\/v2\/posts\/2965","targetHints":{"allow":["GET"]}}],"collection":[{"href":"https:\/\/mundodocarnaval.com.br\/pt_br\/wp-json\/wp\/v2\/posts"}],"about":[{"href":"https:\/\/mundodocarnaval.com.br\/pt_br\/wp-json\/wp\/v2\/types\/post"}],"author":[{"embeddable":true,"href":"https:\/\/mundodocarnaval.com.br\/pt_br\/wp-json\/wp\/v2\/users\/1"}],"replies":[{"embeddable":true,"href":"https:\/\/mundodocarnaval.com.br\/pt_br\/wp-json\/wp\/v2\/comments?post=2965"}],"version-history":[{"count":1,"href":"https:\/\/mundodocarnaval.com.br\/pt_br\/wp-json\/wp\/v2\/posts\/2965\/revisions"}],"predecessor-version":[{"id":2967,"href":"https:\/\/mundodocarnaval.com.br\/pt_br\/wp-json\/wp\/v2\/posts\/2965\/revisions\/2967"}],"wp:featuredmedia":[{"embeddable":true,"href":"https:\/\/mundodocarnaval.com.br\/pt_br\/wp-json\/wp\/v2\/media\/2966"}],"wp:attachment":[{"href":"https:\/\/mundodocarnaval.com.br\/pt_br\/wp-json\/wp\/v2\/media?parent=2965"}],"wp:term":[{"taxonomy":"category","embeddable":true,"href":"https:\/\/mundodocarnaval.com.br\/pt_br\/wp-json\/wp\/v2\/categories?post=2965"},{"taxonomy":"post_tag","embeddable":true,"href":"https:\/\/mundodocarnaval.com.br\/pt_br\/wp-json\/wp\/v2\/tags?post=2965"}],"curies":[{"name":"wp","href":"https:\/\/api.w.org\/{rel}","templated":true}]}}