{"id":2971,"date":"2025-06-21T18:13:05","date_gmt":"2025-06-21T21:13:05","guid":{"rendered":"https:\/\/mundodocarnaval.com.br\/?p=2971"},"modified":"2025-06-21T18:13:05","modified_gmt":"2025-06-21T21:13:05","slug":"unidos-da-tijuca-tera-flavia-leal-como-diretora-artistica-do-proximo-desfile","status":"publish","type":"post","link":"https:\/\/mundodocarnaval.com.br\/pt_br\/unidos-da-tijuca-tera-flavia-leal-como-diretora-artistica-do-proximo-desfile\/","title":{"rendered":"Unidos da Tijuca ter\u00e1 Fl\u00e1via Leal como diretora art\u00edstica do pr\u00f3ximo desfile"},"content":{"rendered":"<p>Unidos da Tijuca ter\u00e1 Fl\u00e1via Leal como diretora art\u00edstica do pr\u00f3ximo desfile<\/p>\n<p>Atriz, bailarina e core\u00f3grafa chega para somar ao time da agremia\u00e7\u00e3o<\/p>\n<p>Disposta a buscar o quinto t\u00edtulo de sua hist\u00f3ria no carnaval carioca, a Unidos da Tijuca segue identificando demandas e preenchendo a equipe com profissionais capacitados. Nesta semana a escola fechou a contrata\u00e7\u00e3o Flavia Leal. A atriz, bailarina e core\u00f3grafa exercer\u00e1 o cargo de diretora art\u00edstica na amarelo ouro e azul pav\u00e3o do Borel no pr\u00f3ximo carnaval.<\/p>\n<p>&#8211; \u00c9 uma honra muito grande estar em uma escola que se notabilizou por realizar grandes espet\u00e1culos na Avenida. Ao longo da minha carreira, vi e vivi os maiores espet\u00e1culos do mundo. Vamos unir os segmentos e extrair deles todo o talento e capacidade desse grande time que a Tijuca tem hoje. Vamos retomar essa veia art\u00edstica da escola para realizarmos grandes desfiles que encantem a Marqu\u00eas de Sapuca\u00ed \u2013 avisa.<\/p>\n<p>Com passagens pela Oba Oba Brasil (do lend\u00e1rio Sargentelli), programas da TV Globo e espet\u00e1culos internacionais, Fl\u00e1via integrou o time de core\u00f3grafos renomados como Renata Monnier, Gislaine Cavalcante, Helio Bejani e Marcelo Misailidis, todos na folia carioca, al\u00e9m de dirigir o trabalho coreogr\u00e1fico de comiss\u00f5es no Grupo de Acesso, sendo premiada na Le\u00e3o de Nova Igua\u00e7u e nota m\u00e1xima na Tubar\u00e3o de Mesquita. Como bailarina passou por Beija-Flor, Salgueiro, Imp\u00e9rio da Tijuca, Est\u00e1cio de S\u00e1 e Unidos da Tijuca.<\/p>\n<p>&#8211; Fiquei muito feliz com o convite da escola e com o planejamento para o Carnaval 2026. Nosso carnavalesco Edson Pereira e toda a equipe j\u00e1 est\u00e3o trabalhando muito para um grande desfile. O enredo \u00e9 uma linda homenagem a uma mulher simples e destemida que se tornou a maior escritora desse pa\u00eds.  Cheguei em uma Tijuca consciente da sua for\u00e7a e que est\u00e1 preparando muitas surpresas para o pr\u00f3ximo carnaval. Encontrei um time muito unido e sedento pelo t\u00edtulo. Vamos contar essa linda hist\u00f3ria na Avenida com muita for\u00e7a, humildade e comprometimento. Ser\u00e1 um grande desfile, sem d\u00favidas \u2013 destaca Fl\u00e1via.<\/p>\n<p>A Unidos da Tijuca desfilar\u00e1 na Marqu\u00eas de Sapuca\u00ed dia 16 de fevereiro de 2026, segunda-feira de carnaval com o enredo \u201cCarolina Maria de Jesus\u201d. O enredo ser\u00e1 desenvolvido pelo carnavalesco Edson Pereira.<\/p>\n<p>Fotos: Geissa Evaristo e Arquivo Pessoal<\/p>\n","protected":false},"excerpt":{"rendered":"<p>Unidos da Tijuca ter\u00e1 Fl\u00e1via Leal como diretora art\u00edstica do pr\u00f3ximo desfile Atriz, bailarina e core\u00f3grafa chega para somar ao time da agremia\u00e7\u00e3o Disposta a buscar o quinto t\u00edtulo de sua hist\u00f3ria no carnaval carioca, a Unidos da Tijuca segue identificando demandas e preenchendo a equipe com profissionais capacitados. Nesta semana a escola fechou a [&hellip;]<\/p>\n","protected":false},"author":1,"featured_media":2972,"comment_status":"closed","ping_status":"closed","sticky":false,"template":"","format":"standard","meta":{"footnotes":""},"categories":[12],"tags":[],"class_list":["post-2971","post","type-post","status-publish","format-standard","has-post-thumbnail","hentry","category-grupo-especial"],"_links":{"self":[{"href":"https:\/\/mundodocarnaval.com.br\/pt_br\/wp-json\/wp\/v2\/posts\/2971","targetHints":{"allow":["GET"]}}],"collection":[{"href":"https:\/\/mundodocarnaval.com.br\/pt_br\/wp-json\/wp\/v2\/posts"}],"about":[{"href":"https:\/\/mundodocarnaval.com.br\/pt_br\/wp-json\/wp\/v2\/types\/post"}],"author":[{"embeddable":true,"href":"https:\/\/mundodocarnaval.com.br\/pt_br\/wp-json\/wp\/v2\/users\/1"}],"replies":[{"embeddable":true,"href":"https:\/\/mundodocarnaval.com.br\/pt_br\/wp-json\/wp\/v2\/comments?post=2971"}],"version-history":[{"count":1,"href":"https:\/\/mundodocarnaval.com.br\/pt_br\/wp-json\/wp\/v2\/posts\/2971\/revisions"}],"predecessor-version":[{"id":2973,"href":"https:\/\/mundodocarnaval.com.br\/pt_br\/wp-json\/wp\/v2\/posts\/2971\/revisions\/2973"}],"wp:featuredmedia":[{"embeddable":true,"href":"https:\/\/mundodocarnaval.com.br\/pt_br\/wp-json\/wp\/v2\/media\/2972"}],"wp:attachment":[{"href":"https:\/\/mundodocarnaval.com.br\/pt_br\/wp-json\/wp\/v2\/media?parent=2971"}],"wp:term":[{"taxonomy":"category","embeddable":true,"href":"https:\/\/mundodocarnaval.com.br\/pt_br\/wp-json\/wp\/v2\/categories?post=2971"},{"taxonomy":"post_tag","embeddable":true,"href":"https:\/\/mundodocarnaval.com.br\/pt_br\/wp-json\/wp\/v2\/tags?post=2971"}],"curies":[{"name":"wp","href":"https:\/\/api.w.org\/{rel}","templated":true}]}}