{"id":2974,"date":"2025-06-21T18:19:01","date_gmt":"2025-06-21T21:19:01","guid":{"rendered":"https:\/\/mundodocarnaval.com.br\/?p=2974"},"modified":"2025-06-21T18:19:02","modified_gmt":"2025-06-21T21:19:02","slug":"xande-de-pilares-e-o-enredo-da-unidos-do-jacarezinho-no-carnaval-2026","status":"publish","type":"post","link":"https:\/\/mundodocarnaval.com.br\/pt_br\/xande-de-pilares-e-o-enredo-da-unidos-do-jacarezinho-no-carnaval-2026\/","title":{"rendered":"Xande de Pilares \u00e9 o enredo da Unidos do Jacarezinho no Carnaval 2026"},"content":{"rendered":"<p>Xande de Pilares \u00e9 o enredo da Unidos do Jacarezinho no Carnaval 2026<\/p>\n<p>Agremia\u00e7\u00e3o abrir\u00e1 os desfiles da S\u00e9rie Ouro na sexta-feira de carnaval<\/p>\n<p>Para o Carnaval de 2026, a Unidos do Jacarezinho, olhando para dentro da sua comunidade, traz uma homenagem ao compositor, cantor, ator e multi-instrumentista, Xande De Pilares no retorno \u00e0 Marqu\u00eas de Sapuca\u00ed ap\u00f3s 12 anos desfilando na Intendente Magalh\u00e3es.<\/p>\n<p>Amplamente conhecido como um dos maiores nomes da sua gera\u00e7\u00e3o, Xande tem contribui\u00e7\u00e3o extremamente relevante para a cultura do samba, seja pelas suas interpreta\u00e7\u00f5es, pela caneta inspirada ou pelo dom nato de versar e improvisar. Nome de peso no universo das escolas de samba, \u00e9 figura carimbada nas disputas de samba, contando com diversas obras campe\u00e3s nas coirm\u00e3s. Viajando atrav\u00e9s de suas letras, visitaremos algumas fases da sua carreira,  &#8220;revelando&#8221; a representatividade de suas can\u00e7\u00f5es e o impacto de sua influ\u00eancia para a realidade do samba carioca e brasileiro.<\/p>\n<p>&#8211; \u00c9 com o \u201ccora\u00e7\u00e3o radiante\u201d de alegria e ciente de um legado a honrar, que o Jacarezinho pede licen\u00e7a para exaltar a hist\u00f3ria de Xande De Pilares, certo de que o palco maior do carnaval \u00e9 o cen\u00e1rio perfeito para essa homenagem. Atrav\u00e9s de um de seus filhos mais ilustres, a comunidade do Jacarezinho ser\u00e1 capaz de se reconhecer e se impulsionar na Avenida, vibrando e cantando em uma s\u00f3 voz, em busca do seu objetivo maior. Como canta o nosso homenageado: \u201c\u00c9 Deus quem aponta a estrela que tem que brilhar.\u201d \u2013 aponta o carnavalesco Bruno Oliveira.<\/p>\n<p>A agremia\u00e7\u00e3o divulgar\u00e1 em breve t\u00edtulo do enredo, logo e sinopse. A Unidos do Jacarezinho desfilar\u00e1 no dia 13 de fevereiro de 2026, sendo a primeira escola a pisar na Sapuca\u00ed pela S\u00e9rie Ouro.<\/p>\n<p>Cr\u00e9ditos: Divulga\u00e7\u00e3o &#8211; Washington Possato<\/p>\n","protected":false},"excerpt":{"rendered":"<p>Xande de Pilares \u00e9 o enredo da Unidos do Jacarezinho no Carnaval 2026 Agremia\u00e7\u00e3o abrir\u00e1 os desfiles da S\u00e9rie Ouro na sexta-feira de carnaval Para o Carnaval de 2026, a Unidos do Jacarezinho, olhando para dentro da sua comunidade, traz uma homenagem ao compositor, cantor, ator e multi-instrumentista, Xande De Pilares no retorno \u00e0 Marqu\u00eas [&hellip;]<\/p>\n","protected":false},"author":1,"featured_media":2975,"comment_status":"closed","ping_status":"closed","sticky":false,"template":"","format":"standard","meta":{"footnotes":""},"categories":[13],"tags":[],"class_list":["post-2974","post","type-post","status-publish","format-standard","has-post-thumbnail","hentry","category-fashion"],"_links":{"self":[{"href":"https:\/\/mundodocarnaval.com.br\/pt_br\/wp-json\/wp\/v2\/posts\/2974","targetHints":{"allow":["GET"]}}],"collection":[{"href":"https:\/\/mundodocarnaval.com.br\/pt_br\/wp-json\/wp\/v2\/posts"}],"about":[{"href":"https:\/\/mundodocarnaval.com.br\/pt_br\/wp-json\/wp\/v2\/types\/post"}],"author":[{"embeddable":true,"href":"https:\/\/mundodocarnaval.com.br\/pt_br\/wp-json\/wp\/v2\/users\/1"}],"replies":[{"embeddable":true,"href":"https:\/\/mundodocarnaval.com.br\/pt_br\/wp-json\/wp\/v2\/comments?post=2974"}],"version-history":[{"count":1,"href":"https:\/\/mundodocarnaval.com.br\/pt_br\/wp-json\/wp\/v2\/posts\/2974\/revisions"}],"predecessor-version":[{"id":2976,"href":"https:\/\/mundodocarnaval.com.br\/pt_br\/wp-json\/wp\/v2\/posts\/2974\/revisions\/2976"}],"wp:featuredmedia":[{"embeddable":true,"href":"https:\/\/mundodocarnaval.com.br\/pt_br\/wp-json\/wp\/v2\/media\/2975"}],"wp:attachment":[{"href":"https:\/\/mundodocarnaval.com.br\/pt_br\/wp-json\/wp\/v2\/media?parent=2974"}],"wp:term":[{"taxonomy":"category","embeddable":true,"href":"https:\/\/mundodocarnaval.com.br\/pt_br\/wp-json\/wp\/v2\/categories?post=2974"},{"taxonomy":"post_tag","embeddable":true,"href":"https:\/\/mundodocarnaval.com.br\/pt_br\/wp-json\/wp\/v2\/tags?post=2974"}],"curies":[{"name":"wp","href":"https:\/\/api.w.org\/{rel}","templated":true}]}}