{"id":2977,"date":"2025-06-24T15:00:08","date_gmt":"2025-06-24T18:00:08","guid":{"rendered":"https:\/\/mundodocarnaval.com.br\/?p=2977"},"modified":"2025-06-24T15:00:08","modified_gmt":"2025-06-24T18:00:08","slug":"comitiva-do-minc-visita-barracao-da-unidos-da-tijuca-e-debate-iniciativas-voltadas-para-a-leitura","status":"publish","type":"post","link":"https:\/\/mundodocarnaval.com.br\/pt_br\/comitiva-do-minc-visita-barracao-da-unidos-da-tijuca-e-debate-iniciativas-voltadas-para-a-leitura\/","title":{"rendered":"Comitiva do Minc visita barrac\u00e3o da Unidos da Tijuca e debate iniciativas voltadas para a leitura"},"content":{"rendered":"<p>Comitiva do Minc visita barrac\u00e3o da Unidos da Tijuca<\/p>\n<p>Equipe conheceu o enredo sobre a escritora Carolina Maria de Jesus e debateu iniciativas sociais e educacionais voltadas para a leitura<\/p>\n<p>A Unidos da Tijuca que em 2026 levar\u00e1 para a Avenida o enredo \u201cCarolina Maria de Jesus\u201d, uma das maiores escritoras do pa\u00eds, recebeu em seu barrac\u00e3o a comitiva do Minist\u00e9rio da Cultura representados pela Secretaria de Forma\u00e7\u00e3o, Livro e Leitura, pela Diretoria de Livro, Leitura e Bibliotecas e pelo coordenador do escrit\u00f3rio regional do Rio de Janeiro, Eduardo Nascimento. O encontro visou debater iniciativas sociais voltadas para a leitura.<\/p>\n<p>Fabiano Pi\u00faba &#8211; secret\u00e1rio de Forma\u00e7\u00e3o , livro e leitura, Jeferson Assun\u00e7\u00e3o &#8211; diretor de Livro, leitura e bibliotecas e Andressa Marques &#8211; coordenadora geral de livro e leitura, al\u00e9m de Eduardo Nascimento foram recepcionados pelo carnavalesco Edson Pereira e sua equipe de carnaval e a dire\u00e7\u00e3o de marketing. No encontro, a escola apresentou o enredo do pr\u00f3ximo carnaval e iniciou a constru\u00e7\u00e3o de uma ponte s\u00f3lida com o Minist\u00e9rio da Cultura para a realiza\u00e7\u00e3o de a\u00e7\u00f5es sociais importantes que ocorrer\u00e3o ao longo do ano e ser\u00e3o fundamentais para o fomento da leitura e da valoriza\u00e7\u00e3o da literatura.<\/p>\n<p>A Unidos da Tijuca desfilar\u00e1 na Marqu\u00eas de Sapuca\u00ed dia 16 de fevereiro de 2026, segunda-feira de carnaval pelo Grupo Especial.<\/p>\n<p>Imagens: Geissa Evaristo<\/p>\n","protected":false},"excerpt":{"rendered":"<p>Comitiva do Minc visita barrac\u00e3o da Unidos da Tijuca Equipe conheceu o enredo sobre a escritora Carolina Maria de Jesus e debateu iniciativas sociais e educacionais voltadas para a leitura A Unidos da Tijuca que em 2026 levar\u00e1 para a Avenida o enredo \u201cCarolina Maria de Jesus\u201d, uma das maiores escritoras do pa\u00eds, recebeu em [&hellip;]<\/p>\n","protected":false},"author":1,"featured_media":2978,"comment_status":"closed","ping_status":"closed","sticky":false,"template":"","format":"standard","meta":{"footnotes":""},"categories":[12],"tags":[],"class_list":["post-2977","post","type-post","status-publish","format-standard","has-post-thumbnail","hentry","category-grupo-especial"],"_links":{"self":[{"href":"https:\/\/mundodocarnaval.com.br\/pt_br\/wp-json\/wp\/v2\/posts\/2977","targetHints":{"allow":["GET"]}}],"collection":[{"href":"https:\/\/mundodocarnaval.com.br\/pt_br\/wp-json\/wp\/v2\/posts"}],"about":[{"href":"https:\/\/mundodocarnaval.com.br\/pt_br\/wp-json\/wp\/v2\/types\/post"}],"author":[{"embeddable":true,"href":"https:\/\/mundodocarnaval.com.br\/pt_br\/wp-json\/wp\/v2\/users\/1"}],"replies":[{"embeddable":true,"href":"https:\/\/mundodocarnaval.com.br\/pt_br\/wp-json\/wp\/v2\/comments?post=2977"}],"version-history":[{"count":1,"href":"https:\/\/mundodocarnaval.com.br\/pt_br\/wp-json\/wp\/v2\/posts\/2977\/revisions"}],"predecessor-version":[{"id":2979,"href":"https:\/\/mundodocarnaval.com.br\/pt_br\/wp-json\/wp\/v2\/posts\/2977\/revisions\/2979"}],"wp:featuredmedia":[{"embeddable":true,"href":"https:\/\/mundodocarnaval.com.br\/pt_br\/wp-json\/wp\/v2\/media\/2978"}],"wp:attachment":[{"href":"https:\/\/mundodocarnaval.com.br\/pt_br\/wp-json\/wp\/v2\/media?parent=2977"}],"wp:term":[{"taxonomy":"category","embeddable":true,"href":"https:\/\/mundodocarnaval.com.br\/pt_br\/wp-json\/wp\/v2\/categories?post=2977"},{"taxonomy":"post_tag","embeddable":true,"href":"https:\/\/mundodocarnaval.com.br\/pt_br\/wp-json\/wp\/v2\/tags?post=2977"}],"curies":[{"name":"wp","href":"https:\/\/api.w.org\/{rel}","templated":true}]}}