{"id":2980,"date":"2025-06-24T15:06:09","date_gmt":"2025-06-24T18:06:09","guid":{"rendered":"https:\/\/mundodocarnaval.com.br\/?p=2980"},"modified":"2025-06-24T15:06:09","modified_gmt":"2025-06-24T18:06:09","slug":"anderson-reis-se-prepara-reinado-na-bateria-da-alegria-do-vilar","status":"publish","type":"post","link":"https:\/\/mundodocarnaval.com.br\/pt_br\/anderson-reis-se-prepara-reinado-na-bateria-da-alegria-do-vilar\/","title":{"rendered":"Anderson Reis se prepara reinado na bateria da Alegria do Vilar"},"content":{"rendered":"<p>Anderson Reis se prepara reinado na bateria da Alegria do Vilar<\/p>\n<p>O carnaval de 2026 j\u00e1 est\u00e1 a todo vapor e Anderson Reis j\u00e1 est\u00e1 vivendo intensamente a prepara\u00e7\u00e3o para a folia. Estreando como rei de bateria da Alegria do Vilar, Anderson chega ao posto com grande empenho, dedica\u00e7\u00e3o e absoluto comprometimento com a escola e com a comunidade de onde reside.<\/p>\n<p>Desde que aceitou o convite, Anderson tem se dedicado intensamente \u00e0 prepara\u00e7\u00e3o para a fun\u00e7\u00e3o. J\u00e1 adepto aos treinos e exerc\u00edcios f\u00edsicos, o rei foca totalmente na muscula\u00e7\u00e3o para garantir resist\u00eancia \u00e0 frente dos ritmistas da agremia\u00e7\u00e3o. O rei j\u00e1 marcou presen\u00e7a em um evento da escola iniciando esse entrosamento com a comunidade.<\/p>\n<p>\u201cSempre que passa o carnaval a gente d\u00e1 uma relaxada, mas o foco precisa ser total. Estamos no per\u00edodo de escolha de samba e ter resist\u00eancia \u00e0 frente da bateria \u00e9 fundamental para a nossa conex\u00e3o e entrosamento. Eu gosto muito de estar lado a lado com os ritmistas, conhecer eles e o desfile \u00e9 apenas uma grande celebra\u00e7\u00e3o deste trabalho de todo um ano\u201d \u2013 revela Anderson o rei.<\/p>\n<p>Demonstrando total alinhamento com a proposta da escola, Anderson tamb\u00e9m se aprofundou no estudo do enredo que a Alegria do Vilar levar\u00e1 \u00e0 avenida no pr\u00f3ximo carnaval, intitulado \u201cRegido e Guiado pelas L\u00e2minas do Rei da Justi\u00e7a\u201d.<\/p>\n<p>&#8211; A tem\u00e1tica de Xang\u00f4 \u00e9 algo que eu j\u00e1 sou familiar, mas fiz quest\u00e3o de estudar ainda mais sobre a proposta e a vertente que a escola levar\u00e1 para a avenida. Pelos sambas concorrentes tamb\u00e9m j\u00e1 pude perceber o objetivo da escola com esse enredo. E contaremos com a for\u00e7a de Xang\u00f4 em busca do nosso campeonato \u2013 finaliza o rei.<\/p>\n<p>Cr\u00e9dito das Fotos: Renata Nuso \/ Divulga\u00e7\u00e3o Gardel Assessoria<\/p>\n","protected":false},"excerpt":{"rendered":"<p>Anderson Reis se prepara reinado na bateria da Alegria do Vilar O carnaval de 2026 j\u00e1 est\u00e1 a todo vapor e Anderson Reis j\u00e1 est\u00e1 vivendo intensamente a prepara\u00e7\u00e3o para a folia. Estreando como rei de bateria da Alegria do Vilar, Anderson chega ao posto com grande empenho, dedica\u00e7\u00e3o e absoluto comprometimento com a escola [&hellip;]<\/p>\n","protected":false},"author":1,"featured_media":2981,"comment_status":"closed","ping_status":"closed","sticky":false,"template":"","format":"standard","meta":{"footnotes":""},"categories":[14],"tags":[],"class_list":["post-2980","post","type-post","status-publish","format-standard","has-post-thumbnail","hentry","category-gadgets"],"_links":{"self":[{"href":"https:\/\/mundodocarnaval.com.br\/pt_br\/wp-json\/wp\/v2\/posts\/2980","targetHints":{"allow":["GET"]}}],"collection":[{"href":"https:\/\/mundodocarnaval.com.br\/pt_br\/wp-json\/wp\/v2\/posts"}],"about":[{"href":"https:\/\/mundodocarnaval.com.br\/pt_br\/wp-json\/wp\/v2\/types\/post"}],"author":[{"embeddable":true,"href":"https:\/\/mundodocarnaval.com.br\/pt_br\/wp-json\/wp\/v2\/users\/1"}],"replies":[{"embeddable":true,"href":"https:\/\/mundodocarnaval.com.br\/pt_br\/wp-json\/wp\/v2\/comments?post=2980"}],"version-history":[{"count":1,"href":"https:\/\/mundodocarnaval.com.br\/pt_br\/wp-json\/wp\/v2\/posts\/2980\/revisions"}],"predecessor-version":[{"id":2982,"href":"https:\/\/mundodocarnaval.com.br\/pt_br\/wp-json\/wp\/v2\/posts\/2980\/revisions\/2982"}],"wp:featuredmedia":[{"embeddable":true,"href":"https:\/\/mundodocarnaval.com.br\/pt_br\/wp-json\/wp\/v2\/media\/2981"}],"wp:attachment":[{"href":"https:\/\/mundodocarnaval.com.br\/pt_br\/wp-json\/wp\/v2\/media?parent=2980"}],"wp:term":[{"taxonomy":"category","embeddable":true,"href":"https:\/\/mundodocarnaval.com.br\/pt_br\/wp-json\/wp\/v2\/categories?post=2980"},{"taxonomy":"post_tag","embeddable":true,"href":"https:\/\/mundodocarnaval.com.br\/pt_br\/wp-json\/wp\/v2\/tags?post=2980"}],"curies":[{"name":"wp","href":"https:\/\/api.w.org\/{rel}","templated":true}]}}