{"id":2983,"date":"2025-06-24T15:14:44","date_gmt":"2025-06-24T18:14:44","guid":{"rendered":"https:\/\/mundodocarnaval.com.br\/?p=2983"},"modified":"2025-06-24T15:14:44","modified_gmt":"2025-06-24T18:14:44","slug":"novo-imperio-divulga-sinopse-do-enredo-e-anuncia-encomenda-do-samba-enredo-para-2026","status":"publish","type":"post","link":"https:\/\/mundodocarnaval.com.br\/pt_br\/novo-imperio-divulga-sinopse-do-enredo-e-anuncia-encomenda-do-samba-enredo-para-2026\/","title":{"rendered":"Novo Imp\u00e9rio divulga sinopse do enredo e anuncia encomenda do samba-enredo para 2026"},"content":{"rendered":"<p>Novo Imp\u00e9rio divulga sinopse do enredo e anuncia encomenda do samba-enredo para 2026<\/p>\n<p>Desfilando pela S\u00e9rie Bronze do carnaval carioca, a Novo Imp\u00e9rio divulgou a sinopse do seu enredo para o carnaval de 2026. A agremia\u00e7\u00e3o levar\u00e1 para a Intendente Magalh\u00e3es o tema \u201cNo canto sagrado dos paj\u00e9s e curandeiros: A cura que brota da floresta\u201d, desenvolvido pelos carnavalescos Alex Santiago e Elvis Luiz. A escola optou por encomendar o samba-enredo aos compositores da casa. A obra ser\u00e1 apresentada no dia 7 de setembro em grande festa de anivers\u00e1rio da agremia\u00e7\u00e3o.<br \/>\n SINOPSE<\/p>\n<p>Com as b\u00ean\u00e7\u00e3os dos paj\u00e9s e curandeiros, a Novo Imp\u00e9rio levanta seu pavilh\u00e3o para cantar a for\u00e7a ancestral da mata. Entre o gorjear dos p\u00e1ssaros e o dan\u00e7ar das \u00e1rvores ao som das cascatas, surge a magia que perfuma a vida com cheiro de beijoim. As energias de Ossain e aroni, num bailado m\u00edstico, convidam a todos para um banho de f\u00e9 e renova\u00e7\u00e3o.<\/p>\n<p>Invocamos o \u201cSenhor das Folhas\u201d e o poder curativo das plantas medicinais, heran\u00e7a dos nossos ancestrais, que maceram a dor e eliminam epidemias. Ao som do samba, as sementes do amor florescem, curando feridas e trazendo esperan\u00e7a. De bengalas que quebram mandinga a caboclos que evocam \u201cOk\u00ea Ar\u00f4!\u201d, a sabedoria antiga ressurge: o paj\u00e9, o curandeiro, o av\u00f4 que ensina o banho de ab\u00f4, todos eles guardam o segredo da floresta, a receita infal\u00edvel contra o medo.<\/p>\n<p>Eis que a alegria faz morada: sarav\u00e1, atot\u00f4! Que o ax\u00e9 corra livre na Avenida, pedindo mais amor e prote\u00e7\u00e3o. \u00c9 a festa do canto sagrado, onde a cura n\u00e3o vem apenas das folhas, mas tamb\u00e9m do sorriso, da comunh\u00e3o e do compasso do nosso cora\u00e7\u00e3o. Que o tambor do samba exale o aroma das flores e afaste todos os dissabores, numa celebra\u00e7\u00e3o da vida, da f\u00e9 e da energia que brota do ventre do Ay\u00ea.<\/p>\n<p>SETOR 1 \u2013 O CHAMADO DA FLORESTA E DE SEUS GUARDI\u00d5ES<br \/>\nO primeiro setor estabelece a conex\u00e3o fundamental entre homem e natureza. As b\u00ean\u00e7\u00e3os dos paj\u00e9s e curandeiros s\u00e3o a base de toda a narrativa, anunciando que a cura \u2013 tanto do corpo quanto do esp\u00edrito \u2013 nasce do contato profundo com a mata e suas energias. A exalta\u00e7\u00e3o dos sons e aromas demonstra como a alegria e o equil\u00edbrio podem florescer quando respeitamos e valorizamos a sabedoria natural.<\/p>\n<p>Vamos ser transportados ao interior da floresta, onde a natureza \u00e9 a grande protagonista. O canto dos p\u00e1ssaros (o gorjear que anuncia a vida) e o balan\u00e7ar das \u00e1rvores ao som das cascatas servem como sinal de boas-vindas. Paj\u00e9s e curandeiros surgem como guardi\u00f5es sagrados, a ponte entre o mundo natural e o espiritual. S\u00e3o eles que trazem a ancestralidade em cada reza, em cada folha sagrada.<\/p>\n<p>O cheiro de beijoim perfuma o ar, anunciando o poder m\u00edstico que paira sobre o ambiente. Nesse contexto, surgem as energias de Ossain e Aroni \u2013 entidades que dan\u00e7am num bailado ritual\u00edstico, convidando todos a mergulhar nesse universo de f\u00e9, renova\u00e7\u00e3o e respeito \u00e0 Terra. A for\u00e7a do primeiro setor est\u00e1 em mostrar que a floresta n\u00e3o \u00e9 apenas paisagem: ela \u00e9 viva, m\u00e1gica e protetora, aben\u00e7oando cada passo desse desfile.<\/p>\n<p>SETOR 2 \u2013 O SENHOR DAS FOLHAS E A CURA PELOS SABERES ANCESTRAIS<\/p>\n<p>No segundo setor, o desfile destaca a for\u00e7a da heran\u00e7a ancestral e o valor do conhecimento transmitido pelos mais velhos. Ao incorporar S\u00e3o Benedito (em sincretismo com Catend\u00ea), o enredo expande a no\u00e7\u00e3o de que as cren\u00e7as se entrela\u00e7am, somando catolicismo popular e tradi\u00e7\u00f5es africanas em torno do valor medicinal das plantas. Assim, as folhas se tornam ponte entre a terra e o divino, refor\u00e7ando que a maior farm\u00e1cia do mundo est\u00e1 na pr\u00f3pria mata, onde f\u00e9 e natureza se unem para curar corpo e alma.<\/p>\n<p>Assim, aprofunda-se no poder curativo das plantas, transmitindo a ideia de que a mata n\u00e3o apenas encanta com sua beleza, mas tamb\u00e9m oferece rem\u00e9dios naturais capazes de eliminar enfermidades. O \u201cSenhor das Folhas\u201d \u00e9 a figura central que, com sabedoria milenar, conhece cada erva e suas propriedades. \u00c9 ele quem macera, amassa e prepara unguentos, ch\u00e1s e banhos purificadores para afastar as epidemias e trazer equil\u00edbrio espiritual.<\/p>\n<p>Neste cen\u00e1rio, S\u00e3o Benedito, cultuado como s\u00edmbolo de humildade e caridade, surge em sincronia espiritual com Catend\u00ea, refor\u00e7ando o sincretismo religioso. Assim como Catend\u00ea, S\u00e3o Benedito \u00e9 lembrado por sua proximidade com as ervas e seu poder de cura, demonstrando que o conhecimento da floresta, aliado \u00e0 f\u00e9, atravessa barreiras culturais.<\/p>\n<p>Aqui, vemos ainda como a tradi\u00e7\u00e3o se manifesta na bengala do velho que, ao bater no ch\u00e3o, \u201cquebra a mandinga\u201d e protege contra o mal. Os caboclos, ligados \u00e0 raiz ind\u00edgena, mostram sua bravura e f\u00e9 ao bradarem \u201cOk\u00ea Ar\u00f4!\u201d, sauda\u00e7\u00e3o e pedido de for\u00e7a aos Orix\u00e1s da natureza. Esse setor ressalta a heran\u00e7a dos antepassados que, de gera\u00e7\u00e3o em gera\u00e7\u00e3o, compartilham o conhecimento sobre as folhas e as formas de cura.<\/p>\n<p>SETOR 3 \u2013 O CARNAVAL COMO A CURA PELA ALEGRIA<\/p>\n<p>No \u00faltimo setor, a festa explode em cores, ritmos e sorrisos, representando o ponto alto dessa narrativa de cura. Surge ent\u00e3o o Carnaval como o grande rem\u00e9dio da alma, a manifesta\u00e7\u00e3o cultural que une a todos em comunh\u00e3o. Aqui, a cura n\u00e3o se d\u00e1 apenas atrav\u00e9s das ervas ou dos banhos de ab\u00f4, mas tamb\u00e9m pela alegria, pelo riso e pela dan\u00e7a. O toque dos tambores e a vibra\u00e7\u00e3o do samba elevam o esp\u00edrito, trazendo ax\u00e9, prote\u00e7\u00e3o e amor.<\/p>\n<p>Assim, \u201cSarav\u00e1, atot\u00f4!\u201d ecoa pelo ar, pedindo ao divino que leve embora todas as dores e disson\u00e2ncias. O samba, agora fortalecido por tudo que foi vivido ao longo do enredo, se torna capaz de afastar os dissabores e trazer a esperan\u00e7a. \u00c9 o instante em que floresce a certeza de que a f\u00e9, aliada \u00e0 alegria, \u00e9 capaz de encantar e curar os cora\u00e7\u00f5es.<\/p>\n<p>A Novo Imp\u00e9rio, ao conduzir esse percurso pela floresta sagrada e pela sabedoria ancestral, lembra a todos que o segredo da cura est\u00e1 tanto nas folhas quanto na festa. A comunh\u00e3o entre a natureza, a f\u00e9 e a alegria revela o poder infinito da vida, celebrando a esperan\u00e7a em cada batida do samba, em cada gesto de amor, em cada sorriso na avenida.<\/p>\n","protected":false},"excerpt":{"rendered":"<p>Novo Imp\u00e9rio divulga sinopse do enredo e anuncia encomenda do samba-enredo para 2026 Desfilando pela S\u00e9rie Bronze do carnaval carioca, a Novo Imp\u00e9rio divulgou a sinopse do seu enredo para o carnaval de 2026. A agremia\u00e7\u00e3o levar\u00e1 para a Intendente Magalh\u00e3es o tema \u201cNo canto sagrado dos paj\u00e9s e curandeiros: A cura que brota da [&hellip;]<\/p>\n","protected":false},"author":1,"featured_media":2984,"comment_status":"closed","ping_status":"closed","sticky":false,"template":"","format":"standard","meta":{"footnotes":""},"categories":[1],"tags":[],"class_list":["post-2983","post","type-post","status-publish","format-standard","has-post-thumbnail","hentry","category-videos-em-destaques"],"_links":{"self":[{"href":"https:\/\/mundodocarnaval.com.br\/pt_br\/wp-json\/wp\/v2\/posts\/2983","targetHints":{"allow":["GET"]}}],"collection":[{"href":"https:\/\/mundodocarnaval.com.br\/pt_br\/wp-json\/wp\/v2\/posts"}],"about":[{"href":"https:\/\/mundodocarnaval.com.br\/pt_br\/wp-json\/wp\/v2\/types\/post"}],"author":[{"embeddable":true,"href":"https:\/\/mundodocarnaval.com.br\/pt_br\/wp-json\/wp\/v2\/users\/1"}],"replies":[{"embeddable":true,"href":"https:\/\/mundodocarnaval.com.br\/pt_br\/wp-json\/wp\/v2\/comments?post=2983"}],"version-history":[{"count":1,"href":"https:\/\/mundodocarnaval.com.br\/pt_br\/wp-json\/wp\/v2\/posts\/2983\/revisions"}],"predecessor-version":[{"id":2985,"href":"https:\/\/mundodocarnaval.com.br\/pt_br\/wp-json\/wp\/v2\/posts\/2983\/revisions\/2985"}],"wp:featuredmedia":[{"embeddable":true,"href":"https:\/\/mundodocarnaval.com.br\/pt_br\/wp-json\/wp\/v2\/media\/2984"}],"wp:attachment":[{"href":"https:\/\/mundodocarnaval.com.br\/pt_br\/wp-json\/wp\/v2\/media?parent=2983"}],"wp:term":[{"taxonomy":"category","embeddable":true,"href":"https:\/\/mundodocarnaval.com.br\/pt_br\/wp-json\/wp\/v2\/categories?post=2983"},{"taxonomy":"post_tag","embeddable":true,"href":"https:\/\/mundodocarnaval.com.br\/pt_br\/wp-json\/wp\/v2\/tags?post=2983"}],"curies":[{"name":"wp","href":"https:\/\/api.w.org\/{rel}","templated":true}]}}