{"id":2986,"date":"2025-06-24T20:59:13","date_gmt":"2025-06-24T23:59:13","guid":{"rendered":"https:\/\/mundodocarnaval.com.br\/?p=2986"},"modified":"2025-06-24T20:59:13","modified_gmt":"2025-06-24T23:59:13","slug":"unidos-de-lucas-atualiza-calendario-da-disputa-de-samba","status":"publish","type":"post","link":"https:\/\/mundodocarnaval.com.br\/pt_br\/unidos-de-lucas-atualiza-calendario-da-disputa-de-samba\/","title":{"rendered":"Unidos de Lucas atualiza calend\u00e1rio da disputa de samba"},"content":{"rendered":"<p>Unidos de Lucas atualiza calend\u00e1rio da disputa de samba para o carnaval 2026<\/p>\n<p>Por quest\u00f5es de log\u00edsticas da agremia\u00e7\u00e3o e tamb\u00e9m para a ala dos compositores, a Unidos de Lucas atualizou seu calend\u00e1rio da disputa de samba para o carnaval de 2026, onde levar\u00e1 para a Intendente Magalh\u00e3es o enredo &#8220;O povo escreve sua hist\u00f3ria em um sublime pergaminho.&#8221;, desenvolvido pelo carnavalesco Lucas Lopes.<\/p>\n<p>A entrega dos sambas concorrentes ser\u00e1 no dia 21 de julho e as obras ser\u00e3o apresentadas na quadra no dia 27 de mesmo m\u00eas. J\u00e1 a semifinal ser\u00e1 no dia 03 de agosto e a comunidade do galo de ouro da Leopoldina conhecer\u00e1 o seu samba-enredo oficial no dia 09 de agosto em uma grande festa na quadra.<\/p>\n<p>Foto: Alex Gardel \/ Divulga\u00e7\u00e3o <\/p>\n","protected":false},"excerpt":{"rendered":"<p>Unidos de Lucas atualiza calend\u00e1rio da disputa de samba para o carnaval 2026 Por quest\u00f5es de log\u00edsticas da agremia\u00e7\u00e3o e tamb\u00e9m para a ala dos compositores, a Unidos de Lucas atualizou seu calend\u00e1rio da disputa de samba para o carnaval de 2026, onde levar\u00e1 para a Intendente Magalh\u00e3es o enredo &#8220;O povo escreve sua hist\u00f3ria [&hellip;]<\/p>\n","protected":false},"author":1,"featured_media":2987,"comment_status":"closed","ping_status":"closed","sticky":false,"template":"","format":"standard","meta":{"footnotes":""},"categories":[14],"tags":[],"class_list":["post-2986","post","type-post","status-publish","format-standard","has-post-thumbnail","hentry","category-gadgets"],"_links":{"self":[{"href":"https:\/\/mundodocarnaval.com.br\/pt_br\/wp-json\/wp\/v2\/posts\/2986","targetHints":{"allow":["GET"]}}],"collection":[{"href":"https:\/\/mundodocarnaval.com.br\/pt_br\/wp-json\/wp\/v2\/posts"}],"about":[{"href":"https:\/\/mundodocarnaval.com.br\/pt_br\/wp-json\/wp\/v2\/types\/post"}],"author":[{"embeddable":true,"href":"https:\/\/mundodocarnaval.com.br\/pt_br\/wp-json\/wp\/v2\/users\/1"}],"replies":[{"embeddable":true,"href":"https:\/\/mundodocarnaval.com.br\/pt_br\/wp-json\/wp\/v2\/comments?post=2986"}],"version-history":[{"count":1,"href":"https:\/\/mundodocarnaval.com.br\/pt_br\/wp-json\/wp\/v2\/posts\/2986\/revisions"}],"predecessor-version":[{"id":2988,"href":"https:\/\/mundodocarnaval.com.br\/pt_br\/wp-json\/wp\/v2\/posts\/2986\/revisions\/2988"}],"wp:featuredmedia":[{"embeddable":true,"href":"https:\/\/mundodocarnaval.com.br\/pt_br\/wp-json\/wp\/v2\/media\/2987"}],"wp:attachment":[{"href":"https:\/\/mundodocarnaval.com.br\/pt_br\/wp-json\/wp\/v2\/media?parent=2986"}],"wp:term":[{"taxonomy":"category","embeddable":true,"href":"https:\/\/mundodocarnaval.com.br\/pt_br\/wp-json\/wp\/v2\/categories?post=2986"},{"taxonomy":"post_tag","embeddable":true,"href":"https:\/\/mundodocarnaval.com.br\/pt_br\/wp-json\/wp\/v2\/tags?post=2986"}],"curies":[{"name":"wp","href":"https:\/\/api.w.org\/{rel}","templated":true}]}}