{"id":2992,"date":"2025-06-24T21:13:56","date_gmt":"2025-06-25T00:13:56","guid":{"rendered":"https:\/\/mundodocarnaval.com.br\/?p=2992"},"modified":"2025-06-24T21:13:56","modified_gmt":"2025-06-25T00:13:56","slug":"uniao-de-marica-reformula-disputa-de-samba-e-aumenta-premio-para-r-100-mil","status":"publish","type":"post","link":"https:\/\/mundodocarnaval.com.br\/pt_br\/uniao-de-marica-reformula-disputa-de-samba-e-aumenta-premio-para-r-100-mil\/","title":{"rendered":"Uni\u00e3o de Maric\u00e1 reformula disputa de samba e aumenta pr\u00eamio para R$ 100 mil"},"content":{"rendered":"<p>Com foco na valoriza\u00e7\u00e3o do compositor, Uni\u00e3o de Maric\u00e1 reformula disputa de samba e aumenta pr\u00eamio para R$ 100 mil<br \/>\nNovo modelo reduz custos aos participantes, elimina cortes iniciais e prioriza avalia\u00e7\u00e3o t\u00e9cnica das obras a partir de audi\u00e7\u00f5es internas no barrac\u00e3o<br \/>\nA Uni\u00e3o de Maric\u00e1 apresentou o novo formato da disputa de samba-enredo para o Carnaval 2026. A escola aposta em uma reformula\u00e7\u00e3o no modelo, com foco na redu\u00e7\u00e3o dos custos para os compositores. O processo tamb\u00e9m passa a contar com uma premia\u00e7\u00e3o ampliada: o valor total destinado aos autores do samba vencedor passa de R$ 75 mil para R$ 100 mil, uma das maiores premia\u00e7\u00f5es entre as escolas que desfilam na Marqu\u00eas de Sapuca\u00ed, na S\u00e9rie Ouro e no Grupo Especial.<\/p>\n<p>A mudan\u00e7a na premia\u00e7\u00e3o faz parte do compromisso da agremia\u00e7\u00e3o com a valoriza\u00e7\u00e3o do processo criativo por tr\u00e1s do samba-enredo. A ideia \u00e9 que os autores das obras tenham condi\u00e7\u00f5es reais de concorrer, sem a press\u00e3o de montar superprodu\u00e7\u00f5es. Para o presidente Matheus Santos, o compositor deve ser o protagonista.<\/p>\n<p>&#8211; \u00c9 muito claro para a gente que o samba-enredo \u00e9 o pilar do nosso desfile. O compositor, nesse contexto, deve ter a sua arte reconhecida, respeitada e valorizada. Essa disputa \u00e9 sobre abrir espa\u00e7o real para que todos possam mostrar sua obra sem precisar esgotar recursos financeiros ou montar um espet\u00e1culo paralelo ao que realmente importa, que \u00e9 o samba &#8211; disse Matheus.<\/p>\n<p>O cronograma da disputa tamb\u00e9m foi reestruturado para ser mais funcional e econ\u00f4mico. As composi\u00e7\u00f5es ser\u00e3o inscritas no dia 29 de julho, das 19h \u00e0s 22h. A disputa come\u00e7a no dia 1\u00ba de agosto, com todos os sambas sendo apresentados na quadra, sem cortes e sem obrigatoriedade de torcida. Nas duas semanas seguintes, nos dias 8 e 15, os sambas ser\u00e3o avaliados em audi\u00e7\u00f5es internas no barrac\u00e3o, em fase eliminat\u00f3ria, com acesso restrito a compositores e int\u00e9rpretes.<\/p>\n<p>Essa nova configura\u00e7\u00e3o visa corrigir distor\u00e7\u00f5es que se acentuaram nos \u00faltimos anos em disputas de samba, onde a estrutura de torcida e o investimento acabavam se sobrepondo \u00e0 qualidade da obra. Desta forma, a escola prop\u00f5e uma invers\u00e3o dessa l\u00f3gica, fortalecendo a escuta e reduzindo a necessidade de gastos paralelos. Matheus defende que o foco deve voltar a ser a qualidade do samba, n\u00e3o o espet\u00e1culo fora dele.<\/p>\n<p>&#8211; Criamos um formato que tira o peso da torcida como pr\u00e9-requisito de sucesso. Em vez de quem tem mais estrutura para montar show, queremos escutar quem tem mais samba. A disputa no barrac\u00e3o, com escuta t\u00e9cnica e sem plateia, \u00e9 importante. O compositor n\u00e3o vai mais precisar fazer produ\u00e7\u00e3o de palco antes da hora. O dinheiro que antes era gasto com torcida, camisa, \u00f4nibus para levar em Maric\u00e1 diversas semanas, dentre outros, agora pode ser investido exclusivamente na composi\u00e7\u00e3o, sem a preocupa\u00e7\u00e3o de tanto gasto extra &#8211; destacou o presidente.<\/p>\n<p>Al\u00e9m da reestrutura\u00e7\u00e3o do calend\u00e1rio, o regulamento da disputa tamb\u00e9m foi atualizado para garantir maior igualdade de condi\u00e7\u00f5es. Cada samba poder\u00e1 ter at\u00e9 seis compositores, sem participa\u00e7\u00f5es especiais, e o n\u00famero de cantores por apresenta\u00e7\u00e3o est\u00e1 limitado a quatro. A Uni\u00e3o de Maric\u00e1 tamb\u00e9m promover\u00e1 quatro encontros tira-d\u00favidas, sendo obrigat\u00f3ria a participa\u00e7\u00e3o em pelo menos dois deles, com a apresenta\u00e7\u00e3o da obra. O primeiro encontro ocorreu ontem (23) e os pr\u00f3ximos est\u00e3o marcados para os dias 30 de junho (barrac\u00e3o), 7 de julho (quadra) e 14 de julho (barrac\u00e3o).<\/p>\n<p>Em 2026, a Uni\u00e3o de Maric\u00e1 levar\u00e1 para a Sapuca\u00ed o enredo \u201cBerenguend\u00e9ns e Balangand\u00e3s\u201d, do carnavalesco Leandro Vieira. A escola ser\u00e1 a sexta a se apresentar no s\u00e1bado, 14 de fevereiro, pela S\u00e9rie Ouro.<\/p>\n<p>Fotos: Leandro Andrade<\/p>\n","protected":false},"excerpt":{"rendered":"<p>Com foco na valoriza\u00e7\u00e3o do compositor, Uni\u00e3o de Maric\u00e1 reformula disputa de samba e aumenta pr\u00eamio para R$ 100 mil Novo modelo reduz custos aos participantes, elimina cortes iniciais e prioriza avalia\u00e7\u00e3o t\u00e9cnica das obras a partir de audi\u00e7\u00f5es internas no barrac\u00e3o A Uni\u00e3o de Maric\u00e1 apresentou o novo formato da disputa de samba-enredo para [&hellip;]<\/p>\n","protected":false},"author":1,"featured_media":2993,"comment_status":"closed","ping_status":"closed","sticky":false,"template":"","format":"standard","meta":{"footnotes":""},"categories":[13],"tags":[],"class_list":["post-2992","post","type-post","status-publish","format-standard","has-post-thumbnail","hentry","category-fashion"],"_links":{"self":[{"href":"https:\/\/mundodocarnaval.com.br\/pt_br\/wp-json\/wp\/v2\/posts\/2992","targetHints":{"allow":["GET"]}}],"collection":[{"href":"https:\/\/mundodocarnaval.com.br\/pt_br\/wp-json\/wp\/v2\/posts"}],"about":[{"href":"https:\/\/mundodocarnaval.com.br\/pt_br\/wp-json\/wp\/v2\/types\/post"}],"author":[{"embeddable":true,"href":"https:\/\/mundodocarnaval.com.br\/pt_br\/wp-json\/wp\/v2\/users\/1"}],"replies":[{"embeddable":true,"href":"https:\/\/mundodocarnaval.com.br\/pt_br\/wp-json\/wp\/v2\/comments?post=2992"}],"version-history":[{"count":1,"href":"https:\/\/mundodocarnaval.com.br\/pt_br\/wp-json\/wp\/v2\/posts\/2992\/revisions"}],"predecessor-version":[{"id":2994,"href":"https:\/\/mundodocarnaval.com.br\/pt_br\/wp-json\/wp\/v2\/posts\/2992\/revisions\/2994"}],"wp:featuredmedia":[{"embeddable":true,"href":"https:\/\/mundodocarnaval.com.br\/pt_br\/wp-json\/wp\/v2\/media\/2993"}],"wp:attachment":[{"href":"https:\/\/mundodocarnaval.com.br\/pt_br\/wp-json\/wp\/v2\/media?parent=2992"}],"wp:term":[{"taxonomy":"category","embeddable":true,"href":"https:\/\/mundodocarnaval.com.br\/pt_br\/wp-json\/wp\/v2\/categories?post=2992"},{"taxonomy":"post_tag","embeddable":true,"href":"https:\/\/mundodocarnaval.com.br\/pt_br\/wp-json\/wp\/v2\/tags?post=2992"}],"curies":[{"name":"wp","href":"https:\/\/api.w.org\/{rel}","templated":true}]}}