{"id":2995,"date":"2025-06-24T21:42:49","date_gmt":"2025-06-25T00:42:49","guid":{"rendered":"https:\/\/mundodocarnaval.com.br\/?p=2995"},"modified":"2025-06-24T21:42:49","modified_gmt":"2025-06-25T00:42:49","slug":"festival-afro-tambor-no-valongo-promove-celebracao-da-cultura-negra-na-zona-portuaria-do-rio","status":"publish","type":"post","link":"https:\/\/mundodocarnaval.com.br\/pt_br\/festival-afro-tambor-no-valongo-promove-celebracao-da-cultura-negra-na-zona-portuaria-do-rio\/","title":{"rendered":"Festival Afro Tambor no Valongo promove celebra\u00e7\u00e3o da cultura negra na Zona Portu\u00e1ria do Rio"},"content":{"rendered":"<p>Festival Afro Tambor no Valongo promove celebra\u00e7\u00e3o da cultura negra na Zona Portu\u00e1ria do Rio<\/p>\n<p>Evento gratuito ter\u00e1 m\u00fasica, dan\u00e7a, oficinas e gastronomia nos dias 28 e 29 de junho, com atividades no Quilombo Cultural Casa do Nando e no MUHCAB<\/p>\n<p>Nos dias 28 e 29 de junho de 2025, o Festival Afro \u2013 Tambor no Valongo promete movimentar a Zona Portu\u00e1ria do Rio de Janeiro com uma verdadeira celebra\u00e7\u00e3o das culturas afro-brasileiras. Com entrada gratuita, o evento \u00e9 uma realiza\u00e7\u00e3o do Grupo Tambor de Cumba, com produ\u00e7\u00e3o e dire\u00e7\u00e3o art\u00edstica de Aninha Cat\u00e3o, e tem como miss\u00e3o valorizar o tambor como elemento ancestral de conex\u00e3o e resist\u00eancia. Ao longo de dois dias, o p\u00fablico ter\u00e1 acesso a uma programa\u00e7\u00e3o rica em m\u00fasica, dan\u00e7a, gastronomia e viv\u00eancias coletivas que resgatam tradi\u00e7\u00f5es e saberes afro-brasileiros.<\/p>\n<p>A escolha da Zona Portu\u00e1ria como territ\u00f3rio-sede do festival carrega um simbolismo fundamental. A regi\u00e3o do Valongo \u00e9 marcada por profundas ra\u00edzes hist\u00f3ricas ligadas \u00e0 presen\u00e7a negra no Brasil, sendo local de mem\u00f3ria e de pot\u00eancia cultural. \u00c9 justamente nesse contexto que o evento busca transformar o espa\u00e7o em um grande palco de celebra\u00e7\u00e3o e afirma\u00e7\u00e3o da heran\u00e7a afrodescendente.<\/p>\n<p>Aninha Cat\u00e3o, diretora art\u00edstica do festival e fundadora do Grupo Tambor de Cumba, destaca que o tambor \u00e9 mais que um instrumento musical: ele \u00e9 portal, \u00e9 corpo, \u00e9 esp\u00edrito. Segundo ela, o som ancestral ecoa e conecta passado, presente e futuro das tradi\u00e7\u00f5es negras.<\/p>\n<p>\u2014 O tambor \u00e9 o cora\u00e7\u00e3o dos nossos ritos, das nossas celebra\u00e7\u00f5es e das nossas lutas. Ele pulsa as hist\u00f3rias que muitas vezes foram silenciadas, mas que seguem vivas em cada toque, em cada dan\u00e7a, em cada corpo presente. Esse festival \u00e9 sobre isso: sobre ouvir o que o tambor tem a dizer e reconhecer a for\u00e7a que nos movimenta h\u00e1 s\u00e9culos &#8211; afirmou.<\/p>\n<p>A programa\u00e7\u00e3o do festival se divide entre dois espa\u00e7os simb\u00f3licos da cidade. No s\u00e1bado (28), o Quilombo Cultural Casa do Nando, na Rua Camerino, 176, Centro, recebe oficinas, apresenta\u00e7\u00f5es culturais e shows que atravessam ritmos como maracatu, coco, jongo, forr\u00f3 e samba de roda. J\u00e1 no domingo (29), o MUHCAB \u2013 Museu da Hist\u00f3ria e da Cultura Afro-Brasileira, na Gamboa, ser\u00e1 palco de rodas de conversa, manifesta\u00e7\u00f5es art\u00edsticas e encerramento com discotecagem.<\/p>\n<p>A diretora tamb\u00e9m ressalta que o festival n\u00e3o \u00e9 apenas um espa\u00e7o de frui\u00e7\u00e3o, mas tamb\u00e9m de forma\u00e7\u00e3o, escuta e di\u00e1logo. Para Aninha, reunir diferentes express\u00f5es art\u00edsticas em um mesmo territ\u00f3rio \u00e9 um ato pol\u00edtico e coletivo de reconstru\u00e7\u00e3o de imagin\u00e1rios.<\/p>\n<p>\u2014 A gente planta esse tambor como quem finca uma bandeira de mem\u00f3ria e identidade. Quando reunimos artistas, pensadores e fazedores da cultura preta, estamos dizendo que esse territ\u00f3rio nos pertence. \u00c9 um chamado para lembrar que o Valongo n\u00e3o \u00e9 s\u00f3 um ponto hist\u00f3rico: \u00e9 um ponto de partida para um futuro constru\u00eddo com consci\u00eancia e afeto &#8211; completou.<\/p>\n<p>Durante os dois dias, o p\u00fablico tamb\u00e9m poder\u00e1 visitar a Feira Cultural Africanidade (Emp\u00f3rio Afro) e saborear os quitutes da tradicional Juju do Acaraj\u00e9, compondo uma experi\u00eancia sensorial completa. O evento oferece ainda um almo\u00e7o afro em ambos os dias, criando um ambiente de acolhimento, troca e viv\u00eancia dos sabores da ancestralidade.<\/p>\n<p>Programa\u00e7\u00e3o completa:<br \/>\nS\u00c1BADO | 28 de junho | Casa do Nando \u2013 Rua Camerino, 176 \u2013 Centro<\/p>\n<p>\u25cf     12h \u2013 Almo\u00e7o Afro<\/p>\n<p>\u25cf     14h \u2013 Oficina de Maracatu Tambor de Cumba (Rumenig Dantas e Aninha Cat\u00e3o)<\/p>\n<p>\u25cf     17h \u2013 DJ Nando<\/p>\n<p>\u25cf     18h \u2013 Jongo, Coco e Samba de Roda com Tambor de Cumba<\/p>\n<p>\u25cf     21h \u2013 DJ Nando<\/p>\n<p>\u25cf     22h \u2013 Forr\u00f3 Malungo Dengo<\/p>\n<p>\u25cf     00h \u2013 DJ Nando<\/p>\n<p>DOMINGO | 29 de junho | MUHCAB \u2013 Rua Pedro Ernesto, 80 \u2013 Gamboa<\/p>\n<p>\u25cf     12h \u2013 Almo\u00e7o Afro<\/p>\n<p>\u25cf     13h \u2013 Roda de Conversa &#8220;Dan\u00e7a e Acessibilidade&#8221; com Ety Faria<\/p>\n<p>\u25cf     14h \u2013 Batikum Afro<\/p>\n<p>\u25cf     15h \u2013 Maracatu Tambor de Cumba<\/p>\n<p>\u25cf     18h \u2013 DJ Nando<\/p>\n<p>Fotos: Vinicius Tognarelli<\/p>\n","protected":false},"excerpt":{"rendered":"<p>Festival Afro Tambor no Valongo promove celebra\u00e7\u00e3o da cultura negra na Zona Portu\u00e1ria do Rio Evento gratuito ter\u00e1 m\u00fasica, dan\u00e7a, oficinas e gastronomia nos dias 28 e 29 de junho, com atividades no Quilombo Cultural Casa do Nando e no MUHCAB Nos dias 28 e 29 de junho de 2025, o Festival Afro \u2013 Tambor [&hellip;]<\/p>\n","protected":false},"author":1,"featured_media":2996,"comment_status":"closed","ping_status":"closed","sticky":false,"template":"","format":"standard","meta":{"footnotes":""},"categories":[11],"tags":[],"class_list":["post-2995","post","type-post","status-publish","format-standard","has-post-thumbnail","hentry","category-noticias"],"_links":{"self":[{"href":"https:\/\/mundodocarnaval.com.br\/pt_br\/wp-json\/wp\/v2\/posts\/2995","targetHints":{"allow":["GET"]}}],"collection":[{"href":"https:\/\/mundodocarnaval.com.br\/pt_br\/wp-json\/wp\/v2\/posts"}],"about":[{"href":"https:\/\/mundodocarnaval.com.br\/pt_br\/wp-json\/wp\/v2\/types\/post"}],"author":[{"embeddable":true,"href":"https:\/\/mundodocarnaval.com.br\/pt_br\/wp-json\/wp\/v2\/users\/1"}],"replies":[{"embeddable":true,"href":"https:\/\/mundodocarnaval.com.br\/pt_br\/wp-json\/wp\/v2\/comments?post=2995"}],"version-history":[{"count":1,"href":"https:\/\/mundodocarnaval.com.br\/pt_br\/wp-json\/wp\/v2\/posts\/2995\/revisions"}],"predecessor-version":[{"id":2997,"href":"https:\/\/mundodocarnaval.com.br\/pt_br\/wp-json\/wp\/v2\/posts\/2995\/revisions\/2997"}],"wp:featuredmedia":[{"embeddable":true,"href":"https:\/\/mundodocarnaval.com.br\/pt_br\/wp-json\/wp\/v2\/media\/2996"}],"wp:attachment":[{"href":"https:\/\/mundodocarnaval.com.br\/pt_br\/wp-json\/wp\/v2\/media?parent=2995"}],"wp:term":[{"taxonomy":"category","embeddable":true,"href":"https:\/\/mundodocarnaval.com.br\/pt_br\/wp-json\/wp\/v2\/categories?post=2995"},{"taxonomy":"post_tag","embeddable":true,"href":"https:\/\/mundodocarnaval.com.br\/pt_br\/wp-json\/wp\/v2\/tags?post=2995"}],"curies":[{"name":"wp","href":"https:\/\/api.w.org\/{rel}","templated":true}]}}