{"id":2998,"date":"2025-06-24T21:57:23","date_gmt":"2025-06-25T00:57:23","guid":{"rendered":"https:\/\/mundodocarnaval.com.br\/?p=2998"},"modified":"2025-06-24T21:57:24","modified_gmt":"2025-06-25T00:57:24","slug":"india-zurich-se-despede-do-posto-de-rainha-de-bateria-do-leao-de-nova-iguacu","status":"publish","type":"post","link":"https:\/\/mundodocarnaval.com.br\/pt_br\/india-zurich-se-despede-do-posto-de-rainha-de-bateria-do-leao-de-nova-iguacu\/","title":{"rendered":"\u00cdndia Zurich se despede do posto de Rainha de Bateria do Le\u00e3o de Nova Igua\u00e7u"},"content":{"rendered":"<p> \u00cdndia Zurich se despede do posto de Rainha de Bateria do Le\u00e3o de Nova Igua\u00e7u <\/p>\n<p>Fechando o ciclo, \u00cdndia Zurich anunciou a sua sa\u00edda da Le\u00e3o de Nova Igua\u00e7u. A beldade desfilou \u00e0 frente dos ritmistas da agremia\u00e7\u00e3o no \u00faltimo carnaval com o cargo de rainha de bateria. Ela, que tem uma vasta experi\u00eancia no carnaval, tamb\u00e9m foi musa da Inocentes de Belford Roxo, na Marqu\u00eas de Sapuca\u00ed.<\/p>\n<p>Apesar do desfilamento, \u00cdndia agradeceu toda comunidade de diretoria da escola. Para o carnaval de 2026, a empres\u00e1ria promete novidades e j\u00e1 garante que ser\u00e1 um carnaval memor\u00e1vel.<\/p>\n<p>Confira a carta<\/p>\n<p>&#8220;Venho por meio desta, comunicar a minha despedida do posto de Rainha de Bateria do GRES Le\u00e3o de Nova Igua\u00e7u. Agrade\u00e7o a honra e a oportunidade de ter feito parte desta agremia\u00e7\u00e3o. Hoje me desligo, mas mesmo de longe, meu cora\u00e7\u00e3o continuar\u00e1 fazendo parte desta escola onde fui muito bem recebida. Muito obrigado ao Presidente, ao Vice Presidente, \u00e0 Dire\u00e7\u00e3o de Carnaval e \u00e0 comunidade. Levarei voc\u00eas no meu cora\u00e7\u00e3o.<\/p>\n<p>\u00cdndia Zurich&#8221;<\/p>\n","protected":false},"excerpt":{"rendered":"<p>\u00cdndia Zurich se despede do posto de Rainha de Bateria do Le\u00e3o de Nova Igua\u00e7u Fechando o ciclo, \u00cdndia Zurich anunciou a sua sa\u00edda da Le\u00e3o de Nova Igua\u00e7u. A beldade desfilou \u00e0 frente dos ritmistas da agremia\u00e7\u00e3o no \u00faltimo carnaval com o cargo de rainha de bateria. Ela, que tem uma vasta experi\u00eancia no [&hellip;]<\/p>\n","protected":false},"author":1,"featured_media":2999,"comment_status":"closed","ping_status":"closed","sticky":false,"template":"","format":"standard","meta":{"footnotes":""},"categories":[14],"tags":[],"class_list":["post-2998","post","type-post","status-publish","format-standard","has-post-thumbnail","hentry","category-gadgets"],"_links":{"self":[{"href":"https:\/\/mundodocarnaval.com.br\/pt_br\/wp-json\/wp\/v2\/posts\/2998","targetHints":{"allow":["GET"]}}],"collection":[{"href":"https:\/\/mundodocarnaval.com.br\/pt_br\/wp-json\/wp\/v2\/posts"}],"about":[{"href":"https:\/\/mundodocarnaval.com.br\/pt_br\/wp-json\/wp\/v2\/types\/post"}],"author":[{"embeddable":true,"href":"https:\/\/mundodocarnaval.com.br\/pt_br\/wp-json\/wp\/v2\/users\/1"}],"replies":[{"embeddable":true,"href":"https:\/\/mundodocarnaval.com.br\/pt_br\/wp-json\/wp\/v2\/comments?post=2998"}],"version-history":[{"count":1,"href":"https:\/\/mundodocarnaval.com.br\/pt_br\/wp-json\/wp\/v2\/posts\/2998\/revisions"}],"predecessor-version":[{"id":3000,"href":"https:\/\/mundodocarnaval.com.br\/pt_br\/wp-json\/wp\/v2\/posts\/2998\/revisions\/3000"}],"wp:featuredmedia":[{"embeddable":true,"href":"https:\/\/mundodocarnaval.com.br\/pt_br\/wp-json\/wp\/v2\/media\/2999"}],"wp:attachment":[{"href":"https:\/\/mundodocarnaval.com.br\/pt_br\/wp-json\/wp\/v2\/media?parent=2998"}],"wp:term":[{"taxonomy":"category","embeddable":true,"href":"https:\/\/mundodocarnaval.com.br\/pt_br\/wp-json\/wp\/v2\/categories?post=2998"},{"taxonomy":"post_tag","embeddable":true,"href":"https:\/\/mundodocarnaval.com.br\/pt_br\/wp-json\/wp\/v2\/tags?post=2998"}],"curies":[{"name":"wp","href":"https:\/\/api.w.org\/{rel}","templated":true}]}}