{"id":3004,"date":"2025-06-25T00:15:34","date_gmt":"2025-06-25T03:15:34","guid":{"rendered":"https:\/\/mundodocarnaval.com.br\/?p=3004"},"modified":"2025-06-25T00:15:34","modified_gmt":"2025-06-25T03:15:34","slug":"carlinhos-salgueiro-e-coroado-rei-do-carnaval-de-hollywood","status":"publish","type":"post","link":"https:\/\/mundodocarnaval.com.br\/pt_br\/carlinhos-salgueiro-e-coroado-rei-do-carnaval-de-hollywood\/","title":{"rendered":"Carlinhos Salgueiro \u00e9 coroado Rei do Carnaval de Hollywood"},"content":{"rendered":"<p>Cr\u00e9dito Fotos: Divulga\u00e7\u00e3o<\/p>\n<p>Carlinhos Salgueiro \u00e9 coroado Rei do Carnaval de Hollywood<\/p>\n<p>Com muita emo\u00e7\u00e3o e felicidade, o core\u00f3grafo Carlinhos Salgueiro foi coroado Rei do Carnaval de Hollywood, no \u00faltimo dia 21 de junho, nos Estados Unidos, a convite da organiza\u00e7\u00e3o do Los Angeles Culture, organiza\u00e7\u00e3o cultural americana que promove a integra\u00e7\u00e3o de diversos pa\u00edses e culturas no Desfile Multicultural de Carnaval, na Cal\u00e7ada da Fama em Hollywood.<\/p>\n<p>&#8220;Estar na Cal\u00e7ada da Fama e desfilar minha arte me deixou muito emocionado e reconectando com meu passado, lembrei da minha falecida m\u00e3e, que n\u00e3o conheceu o Carlinhos Salgueiro de hoje. Tudo isto \u00e9 por ela tamb\u00e9m&#8221;, comentou o Rei.<\/p>\n<p>O artista, que completou em 2025 vinte anos como diretor da ala de Passistas do Salgueiro, divide tamb\u00e9m as fun\u00e7\u00f5es de diretor art\u00edstico e da ala Maculel\u00ea na escola, desfilou seu reinado, com o tema Floresta Amaz\u00f4nica, ao lado da Rainha do Carnaval de Hollywood Am\u00e9rica do Sul 2025, a pernambucana, J\u00f4nia Queen, que \u00e9 diretora da Cia de Shows Raiz Brazil, em Los Angeles <\/p>\n<p>&#8220;Eu como cria de comunidade, que j\u00e1 perdi amigos de inf\u00e2ncia assassinados, tenho muito a agradecer a oportunidade que o Salgueiro me deu de mostrar minha arte, seguir nela e chegar at\u00e9 aqui&#8221;, reflete o dan\u00e7arino.<\/p>\n<p>Ap\u00f3s o sucesso de sua coroa\u00e7\u00e3o, Carlinhos foi convidado para compartilhar sua experi\u00eancia, dando workshops de samba, em uma turn\u00ea por sete cidades americanas <\/p>\n","protected":false},"excerpt":{"rendered":"<p>Cr\u00e9dito Fotos: Divulga\u00e7\u00e3o Carlinhos Salgueiro \u00e9 coroado Rei do Carnaval de Hollywood Com muita emo\u00e7\u00e3o e felicidade, o core\u00f3grafo Carlinhos Salgueiro foi coroado Rei do Carnaval de Hollywood, no \u00faltimo dia 21 de junho, nos Estados Unidos, a convite da organiza\u00e7\u00e3o do Los Angeles Culture, organiza\u00e7\u00e3o cultural americana que promove a integra\u00e7\u00e3o de diversos pa\u00edses [&hellip;]<\/p>\n","protected":false},"author":1,"featured_media":3005,"comment_status":"closed","ping_status":"closed","sticky":false,"template":"","format":"standard","meta":{"footnotes":""},"categories":[11],"tags":[],"class_list":["post-3004","post","type-post","status-publish","format-standard","has-post-thumbnail","hentry","category-noticias"],"_links":{"self":[{"href":"https:\/\/mundodocarnaval.com.br\/pt_br\/wp-json\/wp\/v2\/posts\/3004","targetHints":{"allow":["GET"]}}],"collection":[{"href":"https:\/\/mundodocarnaval.com.br\/pt_br\/wp-json\/wp\/v2\/posts"}],"about":[{"href":"https:\/\/mundodocarnaval.com.br\/pt_br\/wp-json\/wp\/v2\/types\/post"}],"author":[{"embeddable":true,"href":"https:\/\/mundodocarnaval.com.br\/pt_br\/wp-json\/wp\/v2\/users\/1"}],"replies":[{"embeddable":true,"href":"https:\/\/mundodocarnaval.com.br\/pt_br\/wp-json\/wp\/v2\/comments?post=3004"}],"version-history":[{"count":1,"href":"https:\/\/mundodocarnaval.com.br\/pt_br\/wp-json\/wp\/v2\/posts\/3004\/revisions"}],"predecessor-version":[{"id":3006,"href":"https:\/\/mundodocarnaval.com.br\/pt_br\/wp-json\/wp\/v2\/posts\/3004\/revisions\/3006"}],"wp:featuredmedia":[{"embeddable":true,"href":"https:\/\/mundodocarnaval.com.br\/pt_br\/wp-json\/wp\/v2\/media\/3005"}],"wp:attachment":[{"href":"https:\/\/mundodocarnaval.com.br\/pt_br\/wp-json\/wp\/v2\/media?parent=3004"}],"wp:term":[{"taxonomy":"category","embeddable":true,"href":"https:\/\/mundodocarnaval.com.br\/pt_br\/wp-json\/wp\/v2\/categories?post=3004"},{"taxonomy":"post_tag","embeddable":true,"href":"https:\/\/mundodocarnaval.com.br\/pt_br\/wp-json\/wp\/v2\/tags?post=3004"}],"curies":[{"name":"wp","href":"https:\/\/api.w.org\/{rel}","templated":true}]}}