{"id":3007,"date":"2025-06-26T18:52:37","date_gmt":"2025-06-26T21:52:37","guid":{"rendered":"https:\/\/mundodocarnaval.com.br\/?p=3007"},"modified":"2025-06-26T18:52:37","modified_gmt":"2025-06-26T21:52:37","slug":"andressa-gomes-estreara-como-musa-da-em-cima-da-hora-no-carnaval","status":"publish","type":"post","link":"https:\/\/mundodocarnaval.com.br\/pt_br\/andressa-gomes-estreara-como-musa-da-em-cima-da-hora-no-carnaval\/","title":{"rendered":"Andressa Gomes estrear\u00e1 como musa da Em Cima da Hora no carnaval"},"content":{"rendered":"<p>Andressa Gomes estrear\u00e1 como musa da Em Cima da Hora no carnaval de 2026<\/p>\n<p>A Em Cima da Hora anunciou mais um nome para integrar o seu time de musas no carnaval de 2026. A brasileira Andressa Gomes far\u00e1 a sua estreia na Marqu\u00eas de Sapuca\u00ed como musa da agremia\u00e7\u00e3o no pr\u00f3ximo ano.  Andressa \u00e9 apaixonada pelo samba e tudo que o ritmo pode proporcionar. Nascida em S\u00e3o Paulo, mas com parte da fam\u00edlia na baixada no Rio de Janeiro, a musa passava f\u00e9rias na cidade maravilhosa e sempre admirou os desfiles e tentava copiar os passos das passistas em casa.<\/p>\n<p>&#8211; O samba e carnaval me fascina por sua alegria que contagia a todos, pelas cores e brilhos das fantasias e alegorias e pelo poder de unir as pessoas. O samba foi, \u00e9 e ser\u00e1 sempre uma parte importante da minha vida, pois me traz \u00e0 lembran\u00e7a de momentos belos, leves e de pura felicidade. \u2013 Revela a beldade.<\/p>\n<p>Estreando no carnaval carioca como musa, Andressa possui como refer\u00eancia os seus professores de samba Ernesto Plazola, Lidu Plazola, Nuba e Heather Anchieta. A beldade assume o compromisso com a escola de Cavalcanti, que tem como enredo para 2026 \u201cSOCOA-Y-REMA: Onde o altar encontra o mar\u201d.<\/p>\n<p>&#8211; Estou muito honrada em ter a oportunidade de ser Musa da escola de samba Em Cima da Hora em 2026. Espero poder contribuir com a minha dan\u00e7a, garra e dedica\u00e7\u00e3o para que o nosso enredo brilhe e contagie a todos. Honra em poder fazer parte dessa fam\u00edlia e mostrar um pouquinho da nossa hist\u00f3ria, cultura e alegria ao mundo. De poder fazer parte de algo muito maior que eu.\u201d Finaliza Andressa.<\/p>\n<p>Fotos: Divulga\u00e7\u00e3o \/ Gardel Assessoria<br \/>\nCollabs: @andressagm_ \/ @poderosas_do_samba<\/p>\n","protected":false},"excerpt":{"rendered":"<p>Andressa Gomes estrear\u00e1 como musa da Em Cima da Hora no carnaval de 2026 A Em Cima da Hora anunciou mais um nome para integrar o seu time de musas no carnaval de 2026. A brasileira Andressa Gomes far\u00e1 a sua estreia na Marqu\u00eas de Sapuca\u00ed como musa da agremia\u00e7\u00e3o no pr\u00f3ximo ano. Andressa \u00e9 [&hellip;]<\/p>\n","protected":false},"author":1,"featured_media":3008,"comment_status":"closed","ping_status":"closed","sticky":false,"template":"","format":"standard","meta":{"footnotes":""},"categories":[13],"tags":[],"class_list":["post-3007","post","type-post","status-publish","format-standard","has-post-thumbnail","hentry","category-fashion"],"_links":{"self":[{"href":"https:\/\/mundodocarnaval.com.br\/pt_br\/wp-json\/wp\/v2\/posts\/3007","targetHints":{"allow":["GET"]}}],"collection":[{"href":"https:\/\/mundodocarnaval.com.br\/pt_br\/wp-json\/wp\/v2\/posts"}],"about":[{"href":"https:\/\/mundodocarnaval.com.br\/pt_br\/wp-json\/wp\/v2\/types\/post"}],"author":[{"embeddable":true,"href":"https:\/\/mundodocarnaval.com.br\/pt_br\/wp-json\/wp\/v2\/users\/1"}],"replies":[{"embeddable":true,"href":"https:\/\/mundodocarnaval.com.br\/pt_br\/wp-json\/wp\/v2\/comments?post=3007"}],"version-history":[{"count":1,"href":"https:\/\/mundodocarnaval.com.br\/pt_br\/wp-json\/wp\/v2\/posts\/3007\/revisions"}],"predecessor-version":[{"id":3009,"href":"https:\/\/mundodocarnaval.com.br\/pt_br\/wp-json\/wp\/v2\/posts\/3007\/revisions\/3009"}],"wp:featuredmedia":[{"embeddable":true,"href":"https:\/\/mundodocarnaval.com.br\/pt_br\/wp-json\/wp\/v2\/media\/3008"}],"wp:attachment":[{"href":"https:\/\/mundodocarnaval.com.br\/pt_br\/wp-json\/wp\/v2\/media?parent=3007"}],"wp:term":[{"taxonomy":"category","embeddable":true,"href":"https:\/\/mundodocarnaval.com.br\/pt_br\/wp-json\/wp\/v2\/categories?post=3007"},{"taxonomy":"post_tag","embeddable":true,"href":"https:\/\/mundodocarnaval.com.br\/pt_br\/wp-json\/wp\/v2\/tags?post=3007"}],"curies":[{"name":"wp","href":"https:\/\/api.w.org\/{rel}","templated":true}]}}