{"id":3010,"date":"2025-06-26T19:05:55","date_gmt":"2025-06-26T22:05:55","guid":{"rendered":"https:\/\/mundodocarnaval.com.br\/?p=3010"},"modified":"2025-06-26T19:05:55","modified_gmt":"2025-06-26T22:05:55","slug":"unidos-de-padre-miguel-recebe-etapa-da-festrilha-do-rio-com-o-sambarraia","status":"publish","type":"post","link":"https:\/\/mundodocarnaval.com.br\/pt_br\/unidos-de-padre-miguel-recebe-etapa-da-festrilha-do-rio-com-o-sambarraia\/","title":{"rendered":"Unidos de Padre Miguel recebe etapa da Festrilha do Rio com o SambArrai\u00e1"},"content":{"rendered":"<p>Fotos: S1 Fotografia e Comunica\u00e7\u00e3o<\/p>\n<p>Unidos de Padre Miguel recebe etapa da Festrilha do Rio com o SambArrai\u00e1 2025<\/p>\n<p>A quadra da Unidos de Padre Miguel ser\u00e1 palco de uma grande celebra\u00e7\u00e3o junina neste fim de semana. Nos dias 28 e 29 de junho, a agremia\u00e7\u00e3o recebe a etapa classificat\u00f3ria da Festrilha do Rio \u2014 Federa\u00e7\u00e3o de Quadrilhas Juninas do Estado do Rio de Janeiro \u2014 com o evento SambArrai\u00e1 2025, que promete unir o melhor da tradi\u00e7\u00e3o nordestina com o samba no p\u00e9 da Vila Vint\u00e9m.<\/p>\n<p>Com entrada gratuita e in\u00edcio \u00e0s 19h, o evento contar\u00e1 com apresenta\u00e7\u00f5es de 11 quadrilhas juninas, que disputar\u00e3o vagas na pr\u00f3xima fase do circuito estadual. No s\u00e1bado (28), sobem ao tablado as quadrilhas Carrossel Caipira, Paz e Amor, Tucanada, Estrela Dourada e Gera\u00e7\u00e3o Realce. J\u00e1 no domingo (29), ser\u00e1 a vez de Gonzag\u00e3o Pavilh\u00e3o, Favo de Cazumb\u00e1, Gonzag\u00e3o Campo Grande, S\u00e3o Judas Show e Santa Rita.<\/p>\n<p> O evento ainda contar\u00e1 com barracas t\u00edpicas, decora\u00e7\u00e3o tem\u00e1tica e muita m\u00fasica para animar o p\u00fablico. A expectativa \u00e9 de casa cheia, com a comunidade de Padre Miguel e visitantes de toda a cidade celebrando juntos o S\u00e3o Jo\u00e3o.<\/p>\n","protected":false},"excerpt":{"rendered":"<p>Fotos: S1 Fotografia e Comunica\u00e7\u00e3o Unidos de Padre Miguel recebe etapa da Festrilha do Rio com o SambArrai\u00e1 2025 A quadra da Unidos de Padre Miguel ser\u00e1 palco de uma grande celebra\u00e7\u00e3o junina neste fim de semana. Nos dias 28 e 29 de junho, a agremia\u00e7\u00e3o recebe a etapa classificat\u00f3ria da Festrilha do Rio \u2014 [&hellip;]<\/p>\n","protected":false},"author":1,"featured_media":3011,"comment_status":"closed","ping_status":"closed","sticky":false,"template":"","format":"standard","meta":{"footnotes":""},"categories":[13],"tags":[],"class_list":["post-3010","post","type-post","status-publish","format-standard","has-post-thumbnail","hentry","category-fashion"],"_links":{"self":[{"href":"https:\/\/mundodocarnaval.com.br\/pt_br\/wp-json\/wp\/v2\/posts\/3010","targetHints":{"allow":["GET"]}}],"collection":[{"href":"https:\/\/mundodocarnaval.com.br\/pt_br\/wp-json\/wp\/v2\/posts"}],"about":[{"href":"https:\/\/mundodocarnaval.com.br\/pt_br\/wp-json\/wp\/v2\/types\/post"}],"author":[{"embeddable":true,"href":"https:\/\/mundodocarnaval.com.br\/pt_br\/wp-json\/wp\/v2\/users\/1"}],"replies":[{"embeddable":true,"href":"https:\/\/mundodocarnaval.com.br\/pt_br\/wp-json\/wp\/v2\/comments?post=3010"}],"version-history":[{"count":1,"href":"https:\/\/mundodocarnaval.com.br\/pt_br\/wp-json\/wp\/v2\/posts\/3010\/revisions"}],"predecessor-version":[{"id":3012,"href":"https:\/\/mundodocarnaval.com.br\/pt_br\/wp-json\/wp\/v2\/posts\/3010\/revisions\/3012"}],"wp:featuredmedia":[{"embeddable":true,"href":"https:\/\/mundodocarnaval.com.br\/pt_br\/wp-json\/wp\/v2\/media\/3011"}],"wp:attachment":[{"href":"https:\/\/mundodocarnaval.com.br\/pt_br\/wp-json\/wp\/v2\/media?parent=3010"}],"wp:term":[{"taxonomy":"category","embeddable":true,"href":"https:\/\/mundodocarnaval.com.br\/pt_br\/wp-json\/wp\/v2\/categories?post=3010"},{"taxonomy":"post_tag","embeddable":true,"href":"https:\/\/mundodocarnaval.com.br\/pt_br\/wp-json\/wp\/v2\/tags?post=3010"}],"curies":[{"name":"wp","href":"https:\/\/api.w.org\/{rel}","templated":true}]}}