{"id":3013,"date":"2025-06-26T19:11:46","date_gmt":"2025-06-26T22:11:46","guid":{"rendered":"https:\/\/mundodocarnaval.com.br\/?p=3013"},"modified":"2025-06-26T19:11:46","modified_gmt":"2025-06-26T22:11:46","slug":"instituto-celeiro-de-bambas-abre-pre-inscricao-para-oficinas-gratuitas-nesta-quinta-feira-26","status":"publish","type":"post","link":"https:\/\/mundodocarnaval.com.br\/pt_br\/instituto-celeiro-de-bambas-abre-pre-inscricao-para-oficinas-gratuitas-nesta-quinta-feira-26\/","title":{"rendered":"\u200bInstituto Celeiro de Bambas abre pr\u00e9-inscri\u00e7\u00e3o para oficinas gratuitas nesta quinta-feira (26)"},"content":{"rendered":"<p>Instituto Celeiro de Bambas abre pr\u00e9-inscri\u00e7\u00e3o para oficinas gratuitas nesta quinta-feira (26)<\/p>\n<p>O Instituto Celeiro de Bambas, projeto social da Unidos de Vila Isabel, abrir\u00e1 nesta quinta-feira (26) a pr\u00e9-inscri\u00e7\u00e3o para o projeto Oficinas de Bamba. A iniciativa oferece oficinas gratuitas nas \u00e1reas de Corte e Costura, Marcenaria, Adere\u00e7o, Escultura, Ferragem e Fibra de Vidro.<\/p>\n<p>O objetivo do projeto \u00e9 capacitar a comunidade do samba, gerando acesso a oportunidades e promovendo a inser\u00e7\u00e3o de novos talentos no universo do Carnaval. As aulas ser\u00e3o realizadas no barrac\u00e3o da agremia\u00e7\u00e3o, localizado na Cidade do Samba. Cada oficina contar\u00e1 com duas aulas semanais, com dura\u00e7\u00e3o de duas horas por encontro.<\/p>\n<p>As pr\u00e9-inscri\u00e7\u00f5es acontecem nos dias 26 e 27 de junho, das 10h \u00e0s 13h, na quadra da Vila Isabel ou no barrac\u00e3o da escola. Para se inscrever, \u00e9 necess\u00e1rio apresentar um documento oficial com foto.<\/p>\n<p>O resultado da sele\u00e7\u00e3o ser\u00e1 divulgado no dia 3 de julho, por WhatsApp ou e-mail.<\/p>\n<p>Sobre o Celeiro de Bambas<\/p>\n<p>O Celeiro de Bamba \u00e9 o instituto cultural, educacional e art\u00edstico da Unidos de Vila Isabel, voltado \u00e0s atividades de valoriza\u00e7\u00e3o da comunidade. Com compromisso com a inova\u00e7\u00e3o e a aprendizagem, o Celeiro de Bamba busca a capacita\u00e7\u00e3o profissional com cursos profissionalizantes gratuitos em diversas modalidades e categorias.<\/p>\n<p>Servi\u00e7o<\/p>\n<p>Pr\u00e9-inscri\u00e7\u00e3o \u2013 Oficinas de Bamba<\/p>\n<p>Dias: 26 e 27 de junho<br \/>\nHor\u00e1rio: 10h \u00e0s 13h<br \/>\nLocais:<br \/>\nQuadra da Unidos de Vila Isabel \u2013 Boulevard 28 de Setembro, 382, Vila Isabel<\/p>\n<p>Barrac\u00e3o da Unidos de Vila Isabel \u2013 Rua Rivad\u00e1via Corr\u00eaa, Santo Cristo<\/p>\n<p>Foto: Divulga\u00e7\u00e3o\/Vila Isabel<\/p>\n","protected":false},"excerpt":{"rendered":"<p>Instituto Celeiro de Bambas abre pr\u00e9-inscri\u00e7\u00e3o para oficinas gratuitas nesta quinta-feira (26) O Instituto Celeiro de Bambas, projeto social da Unidos de Vila Isabel, abrir\u00e1 nesta quinta-feira (26) a pr\u00e9-inscri\u00e7\u00e3o para o projeto Oficinas de Bamba. A iniciativa oferece oficinas gratuitas nas \u00e1reas de Corte e Costura, Marcenaria, Adere\u00e7o, Escultura, Ferragem e Fibra de Vidro. [&hellip;]<\/p>\n","protected":false},"author":1,"featured_media":3014,"comment_status":"closed","ping_status":"closed","sticky":false,"template":"","format":"standard","meta":{"footnotes":""},"categories":[11],"tags":[],"class_list":["post-3013","post","type-post","status-publish","format-standard","has-post-thumbnail","hentry","category-noticias"],"_links":{"self":[{"href":"https:\/\/mundodocarnaval.com.br\/pt_br\/wp-json\/wp\/v2\/posts\/3013","targetHints":{"allow":["GET"]}}],"collection":[{"href":"https:\/\/mundodocarnaval.com.br\/pt_br\/wp-json\/wp\/v2\/posts"}],"about":[{"href":"https:\/\/mundodocarnaval.com.br\/pt_br\/wp-json\/wp\/v2\/types\/post"}],"author":[{"embeddable":true,"href":"https:\/\/mundodocarnaval.com.br\/pt_br\/wp-json\/wp\/v2\/users\/1"}],"replies":[{"embeddable":true,"href":"https:\/\/mundodocarnaval.com.br\/pt_br\/wp-json\/wp\/v2\/comments?post=3013"}],"version-history":[{"count":1,"href":"https:\/\/mundodocarnaval.com.br\/pt_br\/wp-json\/wp\/v2\/posts\/3013\/revisions"}],"predecessor-version":[{"id":3015,"href":"https:\/\/mundodocarnaval.com.br\/pt_br\/wp-json\/wp\/v2\/posts\/3013\/revisions\/3015"}],"wp:featuredmedia":[{"embeddable":true,"href":"https:\/\/mundodocarnaval.com.br\/pt_br\/wp-json\/wp\/v2\/media\/3014"}],"wp:attachment":[{"href":"https:\/\/mundodocarnaval.com.br\/pt_br\/wp-json\/wp\/v2\/media?parent=3013"}],"wp:term":[{"taxonomy":"category","embeddable":true,"href":"https:\/\/mundodocarnaval.com.br\/pt_br\/wp-json\/wp\/v2\/categories?post=3013"},{"taxonomy":"post_tag","embeddable":true,"href":"https:\/\/mundodocarnaval.com.br\/pt_br\/wp-json\/wp\/v2\/tags?post=3013"}],"curies":[{"name":"wp","href":"https:\/\/api.w.org\/{rel}","templated":true}]}}