{"id":3016,"date":"2025-06-26T19:18:19","date_gmt":"2025-06-26T22:18:19","guid":{"rendered":"https:\/\/mundodocarnaval.com.br\/?p=3016"},"modified":"2025-06-26T19:18:19","modified_gmt":"2025-06-26T22:18:19","slug":"unidos-de-vila-isabel-e-herdeiros-da-vila-em-parceria-com-estacio-promovem-mutirao-de-servicos-e-vestibular-social-neste-sabado-28","status":"publish","type":"post","link":"https:\/\/mundodocarnaval.com.br\/pt_br\/unidos-de-vila-isabel-e-herdeiros-da-vila-em-parceria-com-estacio-promovem-mutirao-de-servicos-e-vestibular-social-neste-sabado-28\/","title":{"rendered":"Unidos de Vila Isabel e Herdeiros da Vila, em parceria com Est\u00e1cio, promovem mutir\u00e3o de servi\u00e7os e vestibular social neste s\u00e1bado (28)"},"content":{"rendered":"<p>Unidos de Vila Isabel e Herdeiros da Vila, em parceria com Est\u00e1cio, promovem mutir\u00e3o de servi\u00e7os e vestibular social neste s\u00e1bado (28)<\/p>\n<p>A\u00e7\u00e3o acontecer\u00e1 na quadra da agremia\u00e7\u00e3o<\/p>\n<p>A Unidos de Vila Isabel e a Herdeiros da Vila, em parceria com a universidade Est\u00e1cio, promover\u00e3o neste s\u00e1bado (28) um mutir\u00e3o de servi\u00e7os gratuitos na quadra da escola. Durante a a\u00e7\u00e3o, tamb\u00e9m ser\u00e1 aplicado um vestibular social que oferece duas bolsas integrais (100%) v\u00e1lidas para todo o curso.<\/p>\n<p>O mutir\u00e3o de servi\u00e7os ser\u00e1 realizado das 10h \u00e0s 15h e contar\u00e1 com diversos atendimentos, como orienta\u00e7\u00e3o profissional e jur\u00eddica, vacina\u00e7\u00e3o contra Influenza e Tr\u00edplice Viral, avalia\u00e7\u00e3o nutricional, limpeza de pele, auriculoterapia e aferi\u00e7\u00e3o de press\u00e3o arterial e glicose. Al\u00e9m disso, a equipe da Subprefeitura da Grande Tijuca estar\u00e1 dispon\u00edvel para atendimento ao cidad\u00e3o.<\/p>\n<p>A prova do vestibular social ser\u00e1 aplicada em dois hor\u00e1rios: 10h30 e 13h30. As inscri\u00e7\u00f5es devem ser feitas pelo link bit.ly\/estacio55anos. O regulamento completo est\u00e1 dispon\u00edvel no site da Est\u00e1cio.<\/p>\n<p>A iniciativa tem como objetivo oferecer oportunidades de transforma\u00e7\u00e3o pessoal e profissional por meio da educa\u00e7\u00e3o. \u201cA escola de samba, como o pr\u00f3prio nome sugere, \u00e9 um espa\u00e7o de aprendizado. Nada mais justo, portanto, do que gerar oportunidades por meio do ensino\u201d, destacou Luiz Guimar\u00e3es, presidente da Unidos de Vila Isabel.<\/p>\n<p>Servi\u00e7o<\/p>\n<p>Data: 28\/06<\/p>\n<p>Hora: <\/p>\n<p>Servi\u00e7os: 10h \u00e0s 15h<\/p>\n<p>Vestibular: 10h30 e 13h30<\/p>\n<p>Endere\u00e7o: Blvd. 28 de Setembro, 382, Vila Isabel<\/p>\n<p>Entrada Franca<\/p>\n","protected":false},"excerpt":{"rendered":"<p>Unidos de Vila Isabel e Herdeiros da Vila, em parceria com Est\u00e1cio, promovem mutir\u00e3o de servi\u00e7os e vestibular social neste s\u00e1bado (28) A\u00e7\u00e3o acontecer\u00e1 na quadra da agremia\u00e7\u00e3o A Unidos de Vila Isabel e a Herdeiros da Vila, em parceria com a universidade Est\u00e1cio, promover\u00e3o neste s\u00e1bado (28) um mutir\u00e3o de servi\u00e7os gratuitos na quadra [&hellip;]<\/p>\n","protected":false},"author":1,"featured_media":3017,"comment_status":"closed","ping_status":"closed","sticky":false,"template":"","format":"standard","meta":{"footnotes":""},"categories":[11],"tags":[],"class_list":["post-3016","post","type-post","status-publish","format-standard","has-post-thumbnail","hentry","category-noticias"],"_links":{"self":[{"href":"https:\/\/mundodocarnaval.com.br\/pt_br\/wp-json\/wp\/v2\/posts\/3016","targetHints":{"allow":["GET"]}}],"collection":[{"href":"https:\/\/mundodocarnaval.com.br\/pt_br\/wp-json\/wp\/v2\/posts"}],"about":[{"href":"https:\/\/mundodocarnaval.com.br\/pt_br\/wp-json\/wp\/v2\/types\/post"}],"author":[{"embeddable":true,"href":"https:\/\/mundodocarnaval.com.br\/pt_br\/wp-json\/wp\/v2\/users\/1"}],"replies":[{"embeddable":true,"href":"https:\/\/mundodocarnaval.com.br\/pt_br\/wp-json\/wp\/v2\/comments?post=3016"}],"version-history":[{"count":1,"href":"https:\/\/mundodocarnaval.com.br\/pt_br\/wp-json\/wp\/v2\/posts\/3016\/revisions"}],"predecessor-version":[{"id":3018,"href":"https:\/\/mundodocarnaval.com.br\/pt_br\/wp-json\/wp\/v2\/posts\/3016\/revisions\/3018"}],"wp:featuredmedia":[{"embeddable":true,"href":"https:\/\/mundodocarnaval.com.br\/pt_br\/wp-json\/wp\/v2\/media\/3017"}],"wp:attachment":[{"href":"https:\/\/mundodocarnaval.com.br\/pt_br\/wp-json\/wp\/v2\/media?parent=3016"}],"wp:term":[{"taxonomy":"category","embeddable":true,"href":"https:\/\/mundodocarnaval.com.br\/pt_br\/wp-json\/wp\/v2\/categories?post=3016"},{"taxonomy":"post_tag","embeddable":true,"href":"https:\/\/mundodocarnaval.com.br\/pt_br\/wp-json\/wp\/v2\/tags?post=3016"}],"curies":[{"name":"wp","href":"https:\/\/api.w.org\/{rel}","templated":true}]}}