{"id":3022,"date":"2025-07-01T20:28:21","date_gmt":"2025-07-01T23:28:21","guid":{"rendered":"https:\/\/mundodocarnaval.com.br\/?p=3022"},"modified":"2025-07-01T20:28:21","modified_gmt":"2025-07-01T23:28:21","slug":"mari-mola-e-a-nova-musa-da-unidos-de-padre-miguel","status":"publish","type":"post","link":"https:\/\/mundodocarnaval.com.br\/pt_br\/mari-mola-e-a-nova-musa-da-unidos-de-padre-miguel\/","title":{"rendered":"Mari Mola \u00e9 a nova musa da Unidos de Padre Miguel"},"content":{"rendered":"<p>Foto: Vi\u0301tor Melo<\/p>\n<p>Mari Mola \u00e9 a nova musa da Unidos de Padre Miguel<\/p>\n<p>A Unidos de Padre Miguel segue refor\u00e7ando o seu time rumo a um Carnaval inesquec\u00edvel em 2026. A mais nova estrela a integrar a escola da Vila Vint\u00e9m \u00e9 Mariana Ribeiro, ou simplesmente Mari Mola, como \u00e9 carinhosamente conhecida pelo p\u00fablico. Mulher preta, bissexual, nascida em S\u00e3o Crist\u00f3v\u00e3o e criada na comunidade do Tuiuti, Mari \u00e9 um s\u00edmbolo de resist\u00eancia, talento e pot\u00eancia feminina no Carnaval carioca.<\/p>\n<p>Com 27 anos, ela carrega uma trajet\u00f3ria marcada pelo amor ao samba. Iniciou sua hist\u00f3ria nos desfiles ainda crian\u00e7a, aos 7 anos de idade. Aos 18, conquistou seu primeiro cargo de musa do Carnaval. Em 2023, fez hist\u00f3ria ao se tornar a Rainha do Carnaval Carioca para representar oficialmente a folia mais famosa do mundo. Professora de dan\u00e7a especializada no samba no p\u00e9, Mari j\u00e1 levou a cultura do Carnaval brasileiro para diversos cantos do pa\u00eds e do mundo.<\/p>\n<p>Em 2025, brilhou intensamente no desfile da Unidos de Padre Miguel como destaque perform\u00e1tico, atraindo todos os olhares na Avenida. Sua conex\u00e3o com a escola foi imediata e arrebatadora,  e, para 2026, o convite veio de forma natural: Mari Mola agora assume o posto de musa oficial da agremia\u00e7\u00e3o.<\/p>\n<p>\u201c\u00c9 uma honra receber a Mari Mola na nossa escola. Ela carrega hist\u00f3ria, representatividade e tem uma conex\u00e3o genu\u00edna com o samba. Acreditamos no poder transformador de mulheres como ela, que inspiram e movimentam a cultura com coragem e alegria,\u201d declarou a presidente Lara Mara.<\/p>\n<p>\u201cViver o desfile da Unidos em 2025 foi uma experi\u00eancia transformadora. Senti o acolhimento, o respeito e a vibra\u00e7\u00e3o da comunidade como nunca. Quando recebi o convite para ser musa, n\u00e3o hesitei. Estou muito feliz e pronta para dar tudo de mim nesse novo cap\u00edtulo. A Unidos de Padre Miguel tem alma, tem for\u00e7a, e eu me vejo nesse lugar com todo o meu cora\u00e7\u00e3o,\u201d afirmou Mari.<\/p>\n<p>Em 2026, Mari estreia oficialmente como musa em um desfile que promete emocionar com o enredo \u201cKunh\u00e3-Et\u00e9: O Sopro Sagrado da Jurema\u201d, que vai contar a trajet\u00f3ria de Clara Camar\u00e3o, hero\u00edna ind\u00edgena que enfrentou com bravura os colonizadores no Brasil do s\u00e9culo XVII. Enredo de autoria do carnavalesco Lucas Milato.<\/p>\n","protected":false},"excerpt":{"rendered":"<p>Foto: Vi\u0301tor Melo Mari Mola \u00e9 a nova musa da Unidos de Padre Miguel A Unidos de Padre Miguel segue refor\u00e7ando o seu time rumo a um Carnaval inesquec\u00edvel em 2026. A mais nova estrela a integrar a escola da Vila Vint\u00e9m \u00e9 Mariana Ribeiro, ou simplesmente Mari Mola, como \u00e9 carinhosamente conhecida pelo p\u00fablico. [&hellip;]<\/p>\n","protected":false},"author":1,"featured_media":3023,"comment_status":"closed","ping_status":"closed","sticky":false,"template":"","format":"standard","meta":{"footnotes":""},"categories":[13],"tags":[],"class_list":["post-3022","post","type-post","status-publish","format-standard","has-post-thumbnail","hentry","category-fashion"],"_links":{"self":[{"href":"https:\/\/mundodocarnaval.com.br\/pt_br\/wp-json\/wp\/v2\/posts\/3022","targetHints":{"allow":["GET"]}}],"collection":[{"href":"https:\/\/mundodocarnaval.com.br\/pt_br\/wp-json\/wp\/v2\/posts"}],"about":[{"href":"https:\/\/mundodocarnaval.com.br\/pt_br\/wp-json\/wp\/v2\/types\/post"}],"author":[{"embeddable":true,"href":"https:\/\/mundodocarnaval.com.br\/pt_br\/wp-json\/wp\/v2\/users\/1"}],"replies":[{"embeddable":true,"href":"https:\/\/mundodocarnaval.com.br\/pt_br\/wp-json\/wp\/v2\/comments?post=3022"}],"version-history":[{"count":1,"href":"https:\/\/mundodocarnaval.com.br\/pt_br\/wp-json\/wp\/v2\/posts\/3022\/revisions"}],"predecessor-version":[{"id":3024,"href":"https:\/\/mundodocarnaval.com.br\/pt_br\/wp-json\/wp\/v2\/posts\/3022\/revisions\/3024"}],"wp:featuredmedia":[{"embeddable":true,"href":"https:\/\/mundodocarnaval.com.br\/pt_br\/wp-json\/wp\/v2\/media\/3023"}],"wp:attachment":[{"href":"https:\/\/mundodocarnaval.com.br\/pt_br\/wp-json\/wp\/v2\/media?parent=3022"}],"wp:term":[{"taxonomy":"category","embeddable":true,"href":"https:\/\/mundodocarnaval.com.br\/pt_br\/wp-json\/wp\/v2\/categories?post=3022"},{"taxonomy":"post_tag","embeddable":true,"href":"https:\/\/mundodocarnaval.com.br\/pt_br\/wp-json\/wp\/v2\/tags?post=3022"}],"curies":[{"name":"wp","href":"https:\/\/api.w.org\/{rel}","templated":true}]}}