{"id":3025,"date":"2025-07-01T20:35:03","date_gmt":"2025-07-01T23:35:03","guid":{"rendered":"https:\/\/mundodocarnaval.com.br\/?p=3025"},"modified":"2025-07-01T20:35:03","modified_gmt":"2025-07-01T23:35:03","slug":"pipa-brasey-celebra-40-anos-de-carreira-com-dvd-gravado-no-abbey-road","status":"publish","type":"post","link":"https:\/\/mundodocarnaval.com.br\/pt_br\/pipa-brasey-celebra-40-anos-de-carreira-com-dvd-gravado-no-abbey-road\/","title":{"rendered":"Pipa Brasey celebra 40 anos de carreira com DVD gravado no Abbey Road"},"content":{"rendered":"<p>Perfume Siam\u00eas<br \/>\n<iframe title=\"Pipa canta Em\u00edlio - Perfume Siam\u00eas\" width=\"640\" height=\"360\" src=\"https:\/\/www.youtube.com\/embed\/DqGOjnT5EA8?feature=oembed\" frameborder=\"0\" allow=\"accelerometer; autoplay; clipboard-write; encrypted-media; gyroscope; picture-in-picture; web-share\" referrerpolicy=\"strict-origin-when-cross-origin\" allowfullscreen><\/iframe><\/p>\n<p>PIPA BRASEY CELEBRA 40 ANOS DE CARREIRA COM DVD \u201cPIPA CANTA EM\u00cdLIO\u201d GRAVADO EM LONDRES<\/p>\n<p>Em 2025, a cantora Pipa Brasey celebra quatro d\u00e9cadas de uma trajet\u00f3ria marcada pela eleg\u00e2ncia vocal, versatilidade e profundo respeito \u00e0 m\u00fasica brasileira. Para comemorar seus 40 anos de carreira, a artista lan\u00e7ou um projeto especial: o DVD \u201cPipa canta Em\u00edlio\u201d, gravado no ic\u00f4nico Abbey Road Studios, em Londres.<\/p>\n<p>O projeto re\u00fane 14 can\u00e7\u00f5es imortalizadas por Em\u00edlio Santiago, revisitadas com a sensibilidade e identidade \u00fanicas de Pipa. A sele\u00e7\u00e3o traz \u00e0 tona o romantismo, a sofistica\u00e7\u00e3o e o swing que marcaram a discografia do artista \u2014 agora celebrados por uma int\u00e9rprete que tamb\u00e9m construiu sua hist\u00f3ria entre o Brasil e a Europa, com pr\u00eamios, reconhecimento internacional e uma voz que atravessa fronteiras.<\/p>\n<p>O primeiro single, Perfume Siam\u00eas, foi lan\u00e7ado em 27 de junho de 2025 no YouTube e redes sociais. As demais faixas ser\u00e3o apresentadas ao longo do ano, sempre acompanhadas por v\u00eddeos intimistas que revelam o processo criativo, os bastidores das grava\u00e7\u00f5es e a conex\u00e3o emocional da artista com cada m\u00fasica.<\/p>\n<p>Em novembro, Pipa apresentar\u00e1 o espet\u00e1culo completo em mais uma edi\u00e7\u00e3o do seu j\u00e1 consagrado formato &#8220;Show Dinner&#8221;, que une m\u00fasica e gastronomia em uma noite sofisticada e acolhedora. Ser\u00e1 uma celebra\u00e7\u00e3o marcante dos seus 40 anos de carreira, uma experi\u00eancia sensorial com cl\u00e1ssicos da m\u00fasica brasileira e o requinte que sempre acompanhou sua trajet\u00f3ria.<\/p>\n<p>\u201cEsse projeto \u00e9 uma forma de agradecer \u00e0 m\u00fasica tudo que ela me deu. Revisitar essas can\u00e7\u00f5es foi uma experi\u00eancia profunda, pessoal e muito emocionante\u201d, afirma Pipa.<\/p>\n","protected":false},"excerpt":{"rendered":"<p>Perfume Siam\u00eas PIPA BRASEY CELEBRA 40 ANOS DE CARREIRA COM DVD \u201cPIPA CANTA EM\u00cdLIO\u201d GRAVADO EM LONDRES Em 2025, a cantora Pipa Brasey celebra quatro d\u00e9cadas de uma trajet\u00f3ria marcada pela eleg\u00e2ncia vocal, versatilidade e profundo respeito \u00e0 m\u00fasica brasileira. Para comemorar seus 40 anos de carreira, a artista lan\u00e7ou um projeto especial: o DVD [&hellip;]<\/p>\n","protected":false},"author":1,"featured_media":3026,"comment_status":"closed","ping_status":"closed","sticky":false,"template":"","format":"standard","meta":{"footnotes":""},"categories":[11],"tags":[],"class_list":["post-3025","post","type-post","status-publish","format-standard","has-post-thumbnail","hentry","category-noticias"],"_links":{"self":[{"href":"https:\/\/mundodocarnaval.com.br\/pt_br\/wp-json\/wp\/v2\/posts\/3025","targetHints":{"allow":["GET"]}}],"collection":[{"href":"https:\/\/mundodocarnaval.com.br\/pt_br\/wp-json\/wp\/v2\/posts"}],"about":[{"href":"https:\/\/mundodocarnaval.com.br\/pt_br\/wp-json\/wp\/v2\/types\/post"}],"author":[{"embeddable":true,"href":"https:\/\/mundodocarnaval.com.br\/pt_br\/wp-json\/wp\/v2\/users\/1"}],"replies":[{"embeddable":true,"href":"https:\/\/mundodocarnaval.com.br\/pt_br\/wp-json\/wp\/v2\/comments?post=3025"}],"version-history":[{"count":1,"href":"https:\/\/mundodocarnaval.com.br\/pt_br\/wp-json\/wp\/v2\/posts\/3025\/revisions"}],"predecessor-version":[{"id":3027,"href":"https:\/\/mundodocarnaval.com.br\/pt_br\/wp-json\/wp\/v2\/posts\/3025\/revisions\/3027"}],"wp:featuredmedia":[{"embeddable":true,"href":"https:\/\/mundodocarnaval.com.br\/pt_br\/wp-json\/wp\/v2\/media\/3026"}],"wp:attachment":[{"href":"https:\/\/mundodocarnaval.com.br\/pt_br\/wp-json\/wp\/v2\/media?parent=3025"}],"wp:term":[{"taxonomy":"category","embeddable":true,"href":"https:\/\/mundodocarnaval.com.br\/pt_br\/wp-json\/wp\/v2\/categories?post=3025"},{"taxonomy":"post_tag","embeddable":true,"href":"https:\/\/mundodocarnaval.com.br\/pt_br\/wp-json\/wp\/v2\/tags?post=3025"}],"curies":[{"name":"wp","href":"https:\/\/api.w.org\/{rel}","templated":true}]}}