{"id":3028,"date":"2025-07-01T20:45:18","date_gmt":"2025-07-01T23:45:18","guid":{"rendered":"https:\/\/mundodocarnaval.com.br\/?p=3028"},"modified":"2025-07-01T20:45:18","modified_gmt":"2025-07-01T23:45:18","slug":"treinamento-contra-incendio-reuniu-escolas-na-cidade-do-samba","status":"publish","type":"post","link":"https:\/\/mundodocarnaval.com.br\/pt_br\/treinamento-contra-incendio-reuniu-escolas-na-cidade-do-samba\/","title":{"rendered":"Treinamento contra Inc\u00eandio reuniu escolas na Cidade do Samba"},"content":{"rendered":"<p>fotos &#8211; divulga\u00e7\u00e3o <\/p>\n<p>Numa iniciativa da Unidos do Viradouro, em parceria com o Corpo de Bombeiros do Estado do Estado do Rio de Janeiro e com apoio da Liga Independente das Escolas de Samba, as agremia\u00e7\u00f5es do Grupo Especial participaram, na \u00faltima sexta-feira, 27, do Treinamento de Combate a Inc\u00eandio na Cidade do Samba.<\/p>\n<p>O evento marcou o encerramento da Semana Interna de Preven\u00e7\u00e3o de Acidentes de Trabalho promovida pela Viradouro. Participaram no treinamento um colaborador de cada agremia\u00e7\u00e3o. Presente ao evento, o coronel Edmundo Braga, do CBMERJ, destacou a import\u00e2ncia da a\u00e7\u00e3o.<\/p>\n<p>&#8211; \u00c9 importante essa iniciativa da Viradouro porque, com ela, os funcion\u00e1rios dos barrac\u00f5es ganham conscientiza\u00e7\u00e3o preventiva nos barrac\u00f5es, diminuindo o risco de acidentes e colaborando com a preserva\u00e7\u00e3o de vidas e bens &#8211; destacou o coronel Edmundo Braga, do CBMERJ. <\/p>\n<p>A 3\u00aa edi\u00e7\u00e3o da SIPAT da Viradouro come\u00e7ou na \u00faltima ter\u00e7a-feira, 24, e teve uma s\u00e9rie de palestras e atividades pr\u00e1ticas das \u00e1reas de Sa\u00fade e Seguran\u00e7a, voltadas ao quadro de colaboradores da vermelha e branca.<\/p>\n<p>A ideia de promover a SIPAT no barrac\u00e3o da escola de Niter\u00f3i foi de Alex FAB, diretor de carnaval, e de Alessandro Garcia, T\u00e9cnico em Seguran\u00e7a do Trabalho. A proposta foi prontamente aceita pelo presidente de honra Marcelo Calil, e a primeira edi\u00e7\u00e3o aconteceu em 2023.<\/p>\n","protected":false},"excerpt":{"rendered":"<p>fotos &#8211; divulga\u00e7\u00e3o Numa iniciativa da Unidos do Viradouro, em parceria com o Corpo de Bombeiros do Estado do Estado do Rio de Janeiro e com apoio da Liga Independente das Escolas de Samba, as agremia\u00e7\u00f5es do Grupo Especial participaram, na \u00faltima sexta-feira, 27, do Treinamento de Combate a Inc\u00eandio na Cidade do Samba. O [&hellip;]<\/p>\n","protected":false},"author":1,"featured_media":3029,"comment_status":"closed","ping_status":"closed","sticky":false,"template":"","format":"standard","meta":{"footnotes":""},"categories":[12],"tags":[],"class_list":["post-3028","post","type-post","status-publish","format-standard","has-post-thumbnail","hentry","category-grupo-especial"],"_links":{"self":[{"href":"https:\/\/mundodocarnaval.com.br\/pt_br\/wp-json\/wp\/v2\/posts\/3028","targetHints":{"allow":["GET"]}}],"collection":[{"href":"https:\/\/mundodocarnaval.com.br\/pt_br\/wp-json\/wp\/v2\/posts"}],"about":[{"href":"https:\/\/mundodocarnaval.com.br\/pt_br\/wp-json\/wp\/v2\/types\/post"}],"author":[{"embeddable":true,"href":"https:\/\/mundodocarnaval.com.br\/pt_br\/wp-json\/wp\/v2\/users\/1"}],"replies":[{"embeddable":true,"href":"https:\/\/mundodocarnaval.com.br\/pt_br\/wp-json\/wp\/v2\/comments?post=3028"}],"version-history":[{"count":1,"href":"https:\/\/mundodocarnaval.com.br\/pt_br\/wp-json\/wp\/v2\/posts\/3028\/revisions"}],"predecessor-version":[{"id":3030,"href":"https:\/\/mundodocarnaval.com.br\/pt_br\/wp-json\/wp\/v2\/posts\/3028\/revisions\/3030"}],"wp:featuredmedia":[{"embeddable":true,"href":"https:\/\/mundodocarnaval.com.br\/pt_br\/wp-json\/wp\/v2\/media\/3029"}],"wp:attachment":[{"href":"https:\/\/mundodocarnaval.com.br\/pt_br\/wp-json\/wp\/v2\/media?parent=3028"}],"wp:term":[{"taxonomy":"category","embeddable":true,"href":"https:\/\/mundodocarnaval.com.br\/pt_br\/wp-json\/wp\/v2\/categories?post=3028"},{"taxonomy":"post_tag","embeddable":true,"href":"https:\/\/mundodocarnaval.com.br\/pt_br\/wp-json\/wp\/v2\/tags?post=3028"}],"curies":[{"name":"wp","href":"https:\/\/api.w.org\/{rel}","templated":true}]}}