{"id":3031,"date":"2025-07-02T12:47:41","date_gmt":"2025-07-02T15:47:41","guid":{"rendered":"https:\/\/mundodocarnaval.com.br\/?p=3031"},"modified":"2025-07-02T12:47:41","modified_gmt":"2025-07-02T15:47:41","slug":"festa-junina-do-tijuca-tenis-clube","status":"publish","type":"post","link":"https:\/\/mundodocarnaval.com.br\/pt_br\/festa-junina-do-tijuca-tenis-clube\/","title":{"rendered":"FESTA JUNINA DO TIJUCA T\u00caNIS CLUBE"},"content":{"rendered":"<p>Vem a\u00ed a melhor festa junina da Tijuca!<\/p>\n<p>O clima de festa j\u00e1 tomou conta da Tijuca! Nos dias 5 e 6 de julho, o Tijuca T\u00eanis Clube promove a melhor festa junina da regi\u00e3o, com muita anima\u00e7\u00e3o, comida t\u00edpica, m\u00fasica boa e divers\u00e3o para todas as idades. Com barraquinhas recheadas de del\u00edcias, bebidas tradicionais e brincadeiras para toda a fam\u00edlia, o arrai\u00e1 promete agitar o clube e atrair muitos visitantes com uma programa\u00e7\u00e3o especial ao longo de todo o fim de semana.<\/p>\n<p>No s\u00e1bado, a festa come\u00e7a \u00e0s 15h com o DJ Cidinho, seguido pelas apresenta\u00e7\u00f5es de Luiza Jacques \u00e0s 17h, Sergival Trio Ca\u00e7u\u00e1 \u00e0s 19h e, fechando a noite com muito forr\u00f3, o Grupo Xox\u00f3 \u00e0s 22h. J\u00e1 no domingo, a programa\u00e7\u00e3o come\u00e7a mais cedo: \u00e0s 13h tem quadrilha infantil, \u00e0s 14h show de Jo\u00e3o Noronha, seguido pela tradicional quadrilha do Sampaio \u00e0s 16h. \u00c0s 17h, quem assume o palco \u00e9 Neidinha Rocha, depois Banda Relic\u00e1rio \u00e0s 19h e, encerrando com chave de ouro, o show da banda Mais do Mesmo \u00e0s 21h.<\/p>\n<p>O ambiente familiar, as atra\u00e7\u00f5es culturais e a gastronomia t\u00edpica tornam essa festa imperd\u00edvel.<\/p>\n<p>Servi\u00e7o \u2013 Arrai\u00e1 do Tijuca T\u00eanis Clube<br \/>\n\ud83d\udcc5 Dias: 5 e 6 de julho<br \/>\n\ud83d\udd52 Hor\u00e1rios:<br \/>\n\u2022 S\u00e1bado: das 15h \u00e0 meia-noite<br \/>\n\u2022 Domingo: das 10h \u00e0 meia-noite<br \/>\n\ud83d\udccd Local: Tijuca T\u00eanis Clube \u2013 Rua Conde de Bonfim, 451 \u2013 Tijuca<br \/>\n\ud83c\udf9f\ufe0f Ingressos: \u00e0 venda no Guich\u00ea Web e no Departamento Social do clube<\/p>\n<p>S\u00f3cios entrada gr\u00e1tis &#8211; n\u00e3o s\u00f3cios R$ 35<br \/>\n\ud83d\udcde Informa\u00e7\u00f5es: (21) 3294-9300 \/ 3294-9335<\/p>\n","protected":false},"excerpt":{"rendered":"<p>Vem a\u00ed a melhor festa junina da Tijuca! O clima de festa j\u00e1 tomou conta da Tijuca! Nos dias 5 e 6 de julho, o Tijuca T\u00eanis Clube promove a melhor festa junina da regi\u00e3o, com muita anima\u00e7\u00e3o, comida t\u00edpica, m\u00fasica boa e divers\u00e3o para todas as idades. Com barraquinhas recheadas de del\u00edcias, bebidas tradicionais [&hellip;]<\/p>\n","protected":false},"author":1,"featured_media":3033,"comment_status":"closed","ping_status":"closed","sticky":false,"template":"","format":"standard","meta":{"footnotes":""},"categories":[11],"tags":[],"class_list":["post-3031","post","type-post","status-publish","format-standard","has-post-thumbnail","hentry","category-noticias"],"_links":{"self":[{"href":"https:\/\/mundodocarnaval.com.br\/pt_br\/wp-json\/wp\/v2\/posts\/3031","targetHints":{"allow":["GET"]}}],"collection":[{"href":"https:\/\/mundodocarnaval.com.br\/pt_br\/wp-json\/wp\/v2\/posts"}],"about":[{"href":"https:\/\/mundodocarnaval.com.br\/pt_br\/wp-json\/wp\/v2\/types\/post"}],"author":[{"embeddable":true,"href":"https:\/\/mundodocarnaval.com.br\/pt_br\/wp-json\/wp\/v2\/users\/1"}],"replies":[{"embeddable":true,"href":"https:\/\/mundodocarnaval.com.br\/pt_br\/wp-json\/wp\/v2\/comments?post=3031"}],"version-history":[{"count":1,"href":"https:\/\/mundodocarnaval.com.br\/pt_br\/wp-json\/wp\/v2\/posts\/3031\/revisions"}],"predecessor-version":[{"id":3034,"href":"https:\/\/mundodocarnaval.com.br\/pt_br\/wp-json\/wp\/v2\/posts\/3031\/revisions\/3034"}],"wp:featuredmedia":[{"embeddable":true,"href":"https:\/\/mundodocarnaval.com.br\/pt_br\/wp-json\/wp\/v2\/media\/3033"}],"wp:attachment":[{"href":"https:\/\/mundodocarnaval.com.br\/pt_br\/wp-json\/wp\/v2\/media?parent=3031"}],"wp:term":[{"taxonomy":"category","embeddable":true,"href":"https:\/\/mundodocarnaval.com.br\/pt_br\/wp-json\/wp\/v2\/categories?post=3031"},{"taxonomy":"post_tag","embeddable":true,"href":"https:\/\/mundodocarnaval.com.br\/pt_br\/wp-json\/wp\/v2\/tags?post=3031"}],"curies":[{"name":"wp","href":"https:\/\/api.w.org\/{rel}","templated":true}]}}