{"id":3036,"date":"2025-07-02T22:03:01","date_gmt":"2025-07-03T01:03:01","guid":{"rendered":"https:\/\/mundodocarnaval.com.br\/?p=3036"},"modified":"2025-07-02T22:03:01","modified_gmt":"2025-07-03T01:03:01","slug":"projeto-criolice-completa-15-anos-no-proximo-domingo-6","status":"publish","type":"post","link":"https:\/\/mundodocarnaval.com.br\/pt_br\/projeto-criolice-completa-15-anos-no-proximo-domingo-6\/","title":{"rendered":"Projeto Criolice completa 15 anos no pr\u00f3ximo domingo (6)"},"content":{"rendered":"<p>Projeto Criolice completa 15 anos no pr\u00f3ximo domingo (6), e recebe e homenageia o cantor Bebeto com entrada gratuita.<br \/>\nO evento ainda ter\u00e1 Roda de Samba do Projeto Criolice, Pagode do Feij\u00e3o, Jet Samba Black e o Imp\u00e9rio Serrano. Nos intervalos DJ PC Junior.<\/p>\n<p>No pr\u00f3ximo domingo, dia 6 de julho, o Projeto Criolice comemora seus 15 anos de exist\u00eancia e resist\u00eancia, e, recebe e homenageia o cantor Bebeto com entrada gratuita. O Evento ter\u00e1 entrada gratuita com v\u00e1rias atra\u00e7\u00f5es:  Roda de Samba do Projeto Criolice, Pagode do Feij\u00e3o, Jet Samba Black e, no encerramento o Glorioso Imp\u00e9rio Serrano, com seus sambas antol\u00f3gicos. Nos intervalos DJ PC Junior.<\/p>\n<p>No Viaduto de Madureira.<br \/>\nO evento que leva uma multid\u00e3o de sambistas por onde passa levou mais de 2.500 pessoas na sua estreia no \u201d Viaduto Negr\u00e3o de Lima\u201d, local do maior Baile de Charme do Brasil. A festa come\u00e7a a partir das 16h e vai at\u00e9 \u00e0s 22h.<br \/>\n O \u201cProjeto Criolice\u201d \u00e9 um movimento cultural que nasceu na Zona Oeste, organizado por Rose Maciel, Vander Ara\u00fajo e Dayvison Gomes, envolvendo samba, cultura e ancestralidade. J\u00e1 circulou bastante pela cidade e sua Roda de Samba faz muito sucesso em suas constantes edi\u00e7\u00f5es no bairro de Madureira, sempre lotando a Arena Fernando Torres.<\/p>\n<p>Cantor Bebeto:<br \/>\nR\u00f3tulos n\u00e3o lhe faltam. Ele j\u00e1 foi chamado de \u201cRei dos bailes\u201d, \u201cRei do suingue\u201d, \u201cRei do Samba-Rock\u201d, e mais recentemente de \u201cProfessor\u201d. Com 40 anos de carreira e 38 \u00e1lbuns gravados, o cantor, compositor e violonista Bebeto \u00e9 um dos mais festejados cantores populares do pa\u00eds e considerado um dos grandes nomes do movimento Samba-Rock. Uma vertente musical com regras e levadas pr\u00f3prias e cuja maior e mais marcante caracter\u00edstica \u00e9 dar um ritmo de rock ao samba tradicional. Samba-Rock, Swing, balan\u00e7o? Bem com nomenclaturas e r\u00f3tulos \u00e0 parte, o certo \u00e9 que Bebeto sempre se mostrou \ufb01el \u00e0 sua sonoridade, ao seu estilo inconfund\u00edvel de tocar viol\u00e3o e de cantar. Como \ufb01car parado ao som de sucessos como \u201cMenina Carolina\u201d, \u201cA beleza \u00e9 voc\u00ea menina\u201d e a irresist\u00edvel \u201cPraia e Sol\u201d? Fique parado se for capaz. Com a atual revaloriza\u00e7\u00e3o do Samba Rock pela m\u00eddia, Bebeto acabou tornando-se um nome cult, um \u00edcone indiscut\u00edvel. Professor PHD que in\ufb02uenciou e continua in\ufb02uenciando muita gente boa. Seu f\u00e3 clube, imenso, al\u00e9m de agregar uma legi\u00e3o de an\u00f4nimos, tamb\u00e9m re\u00fane famosos como a cantora Z\u00e9lia Duncan, que j\u00e1 foi backing vocal da legend\u00e1ria \u201cBanda B\u201d, grupo que acompanhava Bebeto pelos bailes da vida. \u201cBebeto sempre foi popular, artista de grandes plateias que \u00e9 dono de uma assinatura musical \u00fanica, uma maneira \u00fanica de swingar, que \u00e9 onde est\u00e1 seu maior trunfo\u201d atesta Z\u00e9lia. Reverenciado ainda por pesos pesados da nossa m\u00fasica como Alexandre Pires, Fernanda Abreu, Cidade Negra, O Rappa, Marcelo D2 e in\u00fameros DJs que levam o som do mestre para pistas no mundo inteiro aos poucos Bebeto volta a ocupar na m\u00eddia o espa\u00e7o que h\u00e1 muito \u00e9 seu por direito. N\u00e3o \u00e9 \u00e0 toa que seu cd Bebeto ao Vivo lan\u00e7ado pela Mza\/Universal Music foi um sucesso estratosf\u00e9rico. Seja em Londres ou Paris, em S\u00e3o Paulo ou nos sub\u00farbios do Rio, onde ainda reina absoluto, Bebeto segue lotando casas de espet\u00e1culos, clubes, lonas culturais e onde mais sua m\u00fasica o leve. Seu destino \u00e9 estar junto ao povo, botando todo mundo para dan\u00e7ar, swingando, misturando ritmos e linguagens musicais. Para Bebeto o mais importante sempre foi o reconhecimento do povo, pois, como disse certa vez um componente do grupo AfroReggae; \u201cBebeto faz parte da trilha sonora de nossas vidas\u201d. Algu\u00e9m duvida? Rodrigo Fernandes (sob o texto de Daniela Mazzola)<\/p>\n<p>SERVI\u00c7O:<br \/>\nAnivers\u00e1rio de 15 anos do Projeto Criolice que recebe e homenageia, o cantor Bebeto.<br \/>\nData: 6 de julho 2025.<br \/>\nHor\u00e1rio: 14h<br \/>\nLocal: Viaduto Negr\u00e3o de Lima &#8211;  Rua Carvalho de Sousa, s\/n \u2013 viaduto Prefeito Negr\u00e3o de Lima, Madureira .<\/p>\n<p>https:\/\/www.sympla.com.br\/evento__3008483<\/p>\n<p> Mesas \u00e0 venda no zap: 21965849482<\/p>\n<p>Mesa + 4 cadeiras em \u00e1rea reservada com banheiro e gar\u00e7ons exclusivos<\/p>\n<p>Classifica\u00e7\u00e3o Livre<br \/>\nInforma\u00e7\u00f5es:<br \/>\n21 964910091 \u2013 Vander<br \/>\n21 964269329 \u2013 Rose<\/p>\n","protected":false},"excerpt":{"rendered":"<p>Projeto Criolice completa 15 anos no pr\u00f3ximo domingo (6), e recebe e homenageia o cantor Bebeto com entrada gratuita. O evento ainda ter\u00e1 Roda de Samba do Projeto Criolice, Pagode do Feij\u00e3o, Jet Samba Black e o Imp\u00e9rio Serrano. Nos intervalos DJ PC Junior. No pr\u00f3ximo domingo, dia 6 de julho, o Projeto Criolice comemora [&hellip;]<\/p>\n","protected":false},"author":1,"featured_media":3037,"comment_status":"closed","ping_status":"closed","sticky":false,"template":"","format":"standard","meta":{"footnotes":""},"categories":[11],"tags":[],"class_list":["post-3036","post","type-post","status-publish","format-standard","has-post-thumbnail","hentry","category-noticias"],"_links":{"self":[{"href":"https:\/\/mundodocarnaval.com.br\/pt_br\/wp-json\/wp\/v2\/posts\/3036","targetHints":{"allow":["GET"]}}],"collection":[{"href":"https:\/\/mundodocarnaval.com.br\/pt_br\/wp-json\/wp\/v2\/posts"}],"about":[{"href":"https:\/\/mundodocarnaval.com.br\/pt_br\/wp-json\/wp\/v2\/types\/post"}],"author":[{"embeddable":true,"href":"https:\/\/mundodocarnaval.com.br\/pt_br\/wp-json\/wp\/v2\/users\/1"}],"replies":[{"embeddable":true,"href":"https:\/\/mundodocarnaval.com.br\/pt_br\/wp-json\/wp\/v2\/comments?post=3036"}],"version-history":[{"count":1,"href":"https:\/\/mundodocarnaval.com.br\/pt_br\/wp-json\/wp\/v2\/posts\/3036\/revisions"}],"predecessor-version":[{"id":3038,"href":"https:\/\/mundodocarnaval.com.br\/pt_br\/wp-json\/wp\/v2\/posts\/3036\/revisions\/3038"}],"wp:featuredmedia":[{"embeddable":true,"href":"https:\/\/mundodocarnaval.com.br\/pt_br\/wp-json\/wp\/v2\/media\/3037"}],"wp:attachment":[{"href":"https:\/\/mundodocarnaval.com.br\/pt_br\/wp-json\/wp\/v2\/media?parent=3036"}],"wp:term":[{"taxonomy":"category","embeddable":true,"href":"https:\/\/mundodocarnaval.com.br\/pt_br\/wp-json\/wp\/v2\/categories?post=3036"},{"taxonomy":"post_tag","embeddable":true,"href":"https:\/\/mundodocarnaval.com.br\/pt_br\/wp-json\/wp\/v2\/tags?post=3036"}],"curies":[{"name":"wp","href":"https:\/\/api.w.org\/{rel}","templated":true}]}}