{"id":3039,"date":"2025-07-02T22:10:01","date_gmt":"2025-07-03T01:10:01","guid":{"rendered":"https:\/\/mundodocarnaval.com.br\/?p=3039"},"modified":"2025-07-02T22:10:01","modified_gmt":"2025-07-03T01:10:01","slug":"aprendizes-do-salgueiro-anuncia-enredo-para-2026","status":"publish","type":"post","link":"https:\/\/mundodocarnaval.com.br\/pt_br\/aprendizes-do-salgueiro-anuncia-enredo-para-2026\/","title":{"rendered":"Aprendizes do Salgueiro anuncia enredo para 2026"},"content":{"rendered":"<p>Aprendizes do Salgueiro anuncia enredo para 2026 em homenagem a Quinho, eterno int\u00e9rprete da vermelho e branco<\/p>\n<p>O Aprendizes do Salgueiro, anunciou nesta sexta-feira (27), o enredo que levar\u00e1 \u00e0 avenida no Carnaval 2026: uma homenagem emocionante ao int\u00e9rprete Quinho do Salgueiro, um dos nomes mais ic\u00f4nicos da hist\u00f3ria da Academia do Samba.<\/p>\n<p>Com o t\u00edtulo \u201cARREPIA, APRENDIZES!\u201d, o enredo celebra a trajet\u00f3ria de Quinho, sua voz marcante, seus gritos de guerra inesquec\u00edveis e o legado que deixou para novas gera\u00e7\u00f5es. Mais que um int\u00e9rprete, Quinho foi s\u00edmbolo de resist\u00eancia, ancestralidade, emo\u00e7\u00e3o, e agora ser\u00e1 exaltado por aqueles que cresceram ouvindo sua arte.<\/p>\n<p>A proposta da escola \u00e9 transformar a avenida em um grande altar em mem\u00f3ria ao artista. \u201cSe o c\u00e9u hoje tem uma nova estrela, a nossa homenagem ser\u00e1 um canto eterno\u201d, afirma o texto de lan\u00e7amento divulgado pela agremia\u00e7\u00e3o mirim.<\/p>\n<p>Quinho marcou \u00e9poca na Sapuca\u00ed com refr\u00f5es como \u201cArrepia, Salgueiro!\u201d e \u201cPimba, pimba! Ai que lindo, que lindo!\u201d, que continuam ecoando na mem\u00f3ria afetiva dos sambistas. A homenagem refor\u00e7a o compromisso do Aprendizes do Salgueiro em manter viva a hist\u00f3ria do samba e dos grandes nomes que fizeram do carnaval um espet\u00e1culo cultural \u00fanico.<\/p>\n<p>O desfile de 2026 promete emocionar o p\u00fablico e ser\u00e1 um tributo \u00e0 altura da grandiosidade de Quinho, agora eternizado tamb\u00e9m no cora\u00e7\u00e3o dos pequenos salgueirenses.<\/p>\n<p>Mais informa\u00e7\u00f5es sobre o desenvolvimento do enredo, equipe criativa e cronograma de atividades ser\u00e3o divulgadas em breve.<\/p>\n","protected":false},"excerpt":{"rendered":"<p>Aprendizes do Salgueiro anuncia enredo para 2026 em homenagem a Quinho, eterno int\u00e9rprete da vermelho e branco O Aprendizes do Salgueiro, anunciou nesta sexta-feira (27), o enredo que levar\u00e1 \u00e0 avenida no Carnaval 2026: uma homenagem emocionante ao int\u00e9rprete Quinho do Salgueiro, um dos nomes mais ic\u00f4nicos da hist\u00f3ria da Academia do Samba. Com o [&hellip;]<\/p>\n","protected":false},"author":1,"featured_media":3040,"comment_status":"closed","ping_status":"closed","sticky":false,"template":"","format":"standard","meta":{"footnotes":""},"categories":[16],"tags":[],"class_list":["post-3039","post","type-post","status-publish","format-standard","has-post-thumbnail","hentry","category-escolas-mirins"],"_links":{"self":[{"href":"https:\/\/mundodocarnaval.com.br\/pt_br\/wp-json\/wp\/v2\/posts\/3039","targetHints":{"allow":["GET"]}}],"collection":[{"href":"https:\/\/mundodocarnaval.com.br\/pt_br\/wp-json\/wp\/v2\/posts"}],"about":[{"href":"https:\/\/mundodocarnaval.com.br\/pt_br\/wp-json\/wp\/v2\/types\/post"}],"author":[{"embeddable":true,"href":"https:\/\/mundodocarnaval.com.br\/pt_br\/wp-json\/wp\/v2\/users\/1"}],"replies":[{"embeddable":true,"href":"https:\/\/mundodocarnaval.com.br\/pt_br\/wp-json\/wp\/v2\/comments?post=3039"}],"version-history":[{"count":1,"href":"https:\/\/mundodocarnaval.com.br\/pt_br\/wp-json\/wp\/v2\/posts\/3039\/revisions"}],"predecessor-version":[{"id":3041,"href":"https:\/\/mundodocarnaval.com.br\/pt_br\/wp-json\/wp\/v2\/posts\/3039\/revisions\/3041"}],"wp:featuredmedia":[{"embeddable":true,"href":"https:\/\/mundodocarnaval.com.br\/pt_br\/wp-json\/wp\/v2\/media\/3040"}],"wp:attachment":[{"href":"https:\/\/mundodocarnaval.com.br\/pt_br\/wp-json\/wp\/v2\/media?parent=3039"}],"wp:term":[{"taxonomy":"category","embeddable":true,"href":"https:\/\/mundodocarnaval.com.br\/pt_br\/wp-json\/wp\/v2\/categories?post=3039"},{"taxonomy":"post_tag","embeddable":true,"href":"https:\/\/mundodocarnaval.com.br\/pt_br\/wp-json\/wp\/v2\/tags?post=3039"}],"curies":[{"name":"wp","href":"https:\/\/api.w.org\/{rel}","templated":true}]}}