{"id":3042,"date":"2025-07-02T22:16:47","date_gmt":"2025-07-03T01:16:47","guid":{"rendered":"https:\/\/mundodocarnaval.com.br\/?p=3042"},"modified":"2025-07-02T22:16:47","modified_gmt":"2025-07-03T01:16:47","slug":"unidos-do-jacarezinho-abre-inscricoes-para-ala-das-criancas","status":"publish","type":"post","link":"https:\/\/mundodocarnaval.com.br\/pt_br\/unidos-do-jacarezinho-abre-inscricoes-para-ala-das-criancas\/","title":{"rendered":"Unidos do Jacarezinho abre inscri\u00e7\u00f5es para ala das crian\u00e7as"},"content":{"rendered":"<p>Unidos do Jacarezinho abre inscri\u00e7\u00f5es para ala das crian\u00e7as<br \/>\nEscola ser\u00e1 a primeira a desfilar no Carnaval 2026<\/p>\n<p>Est\u00e3o abertas as inscri\u00e7\u00f5es para as alas de crian\u00e7as da Unidos do Jacarezinho para o desfile de 2026. O cadastramento acontece de forma on-line at\u00e9 esgotarem as vagas, que s\u00e3o limitadas. Poder\u00e1 participar crian\u00e7as de 7 a 15 anos matriculadas e cursando a escola de ensino regular.<\/p>\n<p>A inscri\u00e7\u00e3o acontece atrav\u00e9s do link https:\/\/docs.google.com\/forms\/d\/e\/1FAIpQLSeDjVrnEFv6JZrb58oh9J5AGnAwdfsDDkzqYs3HUCzoG0onLA\/viewform. A escola indicar\u00e1 aos inscritos a data para apresentar a documenta\u00e7\u00e3o exigida (crian\u00e7a &#8211; xerox da certid\u00e3o de nascimento ou identidade e declara\u00e7\u00e3o escolar \/ respons\u00e1vel \u2013 xerox da identidade e cpf e comprovante de resid\u00eancia).  <\/p>\n<p>A dire\u00e7\u00e3o de carnaval da escola, entende que as crian\u00e7as ter\u00e3o um papel fundamental no desfile, principalmente no canto e por entender que elas representam o futuro da agremia\u00e7\u00e3o e para isso  espera contar com um bom n\u00famero de inscri\u00e7\u00f5es. \u00c9 obrigat\u00f3ria a presen\u00e7a nos ensaios, que ocorrem a partir de novembro, \u00e0s sextas-feiras, a partir das 20 horas.<\/p>\n<p> A Unidos do Jacarezinho desfilar\u00e1 no dia 13 de fevereiro de 2026, sendo a primeira escola a pisar na Sapuca\u00ed pela S\u00e9rie Ouro com o enredo em homenagem ao cantor e compositor, Xande de Pilares.<\/p>\n<p>Cr\u00e9ditos: Gabriel Belmiro<\/p>\n","protected":false},"excerpt":{"rendered":"<p>Unidos do Jacarezinho abre inscri\u00e7\u00f5es para ala das crian\u00e7as Escola ser\u00e1 a primeira a desfilar no Carnaval 2026 Est\u00e3o abertas as inscri\u00e7\u00f5es para as alas de crian\u00e7as da Unidos do Jacarezinho para o desfile de 2026. O cadastramento acontece de forma on-line at\u00e9 esgotarem as vagas, que s\u00e3o limitadas. Poder\u00e1 participar crian\u00e7as de 7 a [&hellip;]<\/p>\n","protected":false},"author":1,"featured_media":3043,"comment_status":"closed","ping_status":"closed","sticky":false,"template":"","format":"standard","meta":{"footnotes":""},"categories":[13],"tags":[],"class_list":["post-3042","post","type-post","status-publish","format-standard","has-post-thumbnail","hentry","category-fashion"],"_links":{"self":[{"href":"https:\/\/mundodocarnaval.com.br\/pt_br\/wp-json\/wp\/v2\/posts\/3042","targetHints":{"allow":["GET"]}}],"collection":[{"href":"https:\/\/mundodocarnaval.com.br\/pt_br\/wp-json\/wp\/v2\/posts"}],"about":[{"href":"https:\/\/mundodocarnaval.com.br\/pt_br\/wp-json\/wp\/v2\/types\/post"}],"author":[{"embeddable":true,"href":"https:\/\/mundodocarnaval.com.br\/pt_br\/wp-json\/wp\/v2\/users\/1"}],"replies":[{"embeddable":true,"href":"https:\/\/mundodocarnaval.com.br\/pt_br\/wp-json\/wp\/v2\/comments?post=3042"}],"version-history":[{"count":1,"href":"https:\/\/mundodocarnaval.com.br\/pt_br\/wp-json\/wp\/v2\/posts\/3042\/revisions"}],"predecessor-version":[{"id":3044,"href":"https:\/\/mundodocarnaval.com.br\/pt_br\/wp-json\/wp\/v2\/posts\/3042\/revisions\/3044"}],"wp:featuredmedia":[{"embeddable":true,"href":"https:\/\/mundodocarnaval.com.br\/pt_br\/wp-json\/wp\/v2\/media\/3043"}],"wp:attachment":[{"href":"https:\/\/mundodocarnaval.com.br\/pt_br\/wp-json\/wp\/v2\/media?parent=3042"}],"wp:term":[{"taxonomy":"category","embeddable":true,"href":"https:\/\/mundodocarnaval.com.br\/pt_br\/wp-json\/wp\/v2\/categories?post=3042"},{"taxonomy":"post_tag","embeddable":true,"href":"https:\/\/mundodocarnaval.com.br\/pt_br\/wp-json\/wp\/v2\/tags?post=3042"}],"curies":[{"name":"wp","href":"https:\/\/api.w.org\/{rel}","templated":true}]}}