{"id":3045,"date":"2025-07-02T22:24:01","date_gmt":"2025-07-03T01:24:01","guid":{"rendered":"https:\/\/mundodocarnaval.com.br\/?p=3045"},"modified":"2025-07-02T22:24:01","modified_gmt":"2025-07-03T01:24:01","slug":"patrick-carvalho-e-o-convidado-desta-semana-no-projeto-sambando-com-o-tigre","status":"publish","type":"post","link":"https:\/\/mundodocarnaval.com.br\/pt_br\/patrick-carvalho-e-o-convidado-desta-semana-no-projeto-sambando-com-o-tigre\/","title":{"rendered":"Patrick Carvalho \u00e9 o convidado desta semana no projeto Sambando com o Tigre"},"content":{"rendered":"<p>Fotos:<br \/>\n1 &#8211; Divulga\u00e7\u00e3o.<br \/>\n2- Leandro Andrade<br \/>\n3 &#8211; Wagner Rodrigues <\/p>\n<p>Patrick Carvalho \u00e9 o convidado desta semana no projeto Sambando com o Tigre<\/p>\n<p>Core\u00f3grafo vai levar toda a sua experi\u00eancia aos alunos e passistas que participam do workshop. Encontro \u00e9 aberto e gratuito<\/p>\n<p>O gingado do malandro e a experi\u00eancia de mais de uma d\u00e9cada como core\u00f3grafo de comiss\u00f5es de frente das principais escolas de samba do carnaval carioca ser\u00e3o os atrativos para que passistas e alunos do projeto Sambando com o Tigre compare\u00e7am \u00e0 quadra da Porto da Pedra nesta quinta, 03 de julho, para mais uma edi\u00e7\u00e3o do interc\u00e2mbio organizado pelo trio de diretores da ala formado por Carol Portugal, P\u00e2mela Nascimento e Renato Metello. Patrick Carvalho, que atualmente assina os projetos da Uni\u00e3o de Maric\u00e1, na S\u00e9rie Ouro, e Imperatriz Leopoldinense, no Grupo Especial, vai compartilhar epis\u00f3dios de sua trajet\u00f3ria e sua viv\u00eancia no segmento, com os sambistas da vermelha e branca.<\/p>\n<p>O workshop, que j\u00e1 levou Z\u00e9 Pretinho e Maryanne Hip\u00f3lito para compartilhar experi\u00eancias e t\u00e9cnica aos participantes, vem se firmando como uma alternativa importante para que passistas, n\u00e3o somente da Porto da Pedra, possam interagir com grandes nomes da modalidade, a fim de aprimorar, cada vez mais, a arte da dan\u00e7a do samba. <\/p>\n<p>O encontro acontece a partir das 20h e \u00e9 gratuito. A quadra da Porto da Pedra fica na Travessa Jo\u00e3o silva, 84 &#8211; Porto da Pedra.<\/p>\n","protected":false},"excerpt":{"rendered":"<p>Fotos: 1 &#8211; Divulga\u00e7\u00e3o. 2- Leandro Andrade 3 &#8211; Wagner Rodrigues Patrick Carvalho \u00e9 o convidado desta semana no projeto Sambando com o Tigre Core\u00f3grafo vai levar toda a sua experi\u00eancia aos alunos e passistas que participam do workshop. Encontro \u00e9 aberto e gratuito O gingado do malandro e a experi\u00eancia de mais de uma [&hellip;]<\/p>\n","protected":false},"author":1,"featured_media":3046,"comment_status":"closed","ping_status":"closed","sticky":false,"template":"","format":"standard","meta":{"footnotes":""},"categories":[11],"tags":[],"class_list":["post-3045","post","type-post","status-publish","format-standard","has-post-thumbnail","hentry","category-noticias"],"_links":{"self":[{"href":"https:\/\/mundodocarnaval.com.br\/pt_br\/wp-json\/wp\/v2\/posts\/3045","targetHints":{"allow":["GET"]}}],"collection":[{"href":"https:\/\/mundodocarnaval.com.br\/pt_br\/wp-json\/wp\/v2\/posts"}],"about":[{"href":"https:\/\/mundodocarnaval.com.br\/pt_br\/wp-json\/wp\/v2\/types\/post"}],"author":[{"embeddable":true,"href":"https:\/\/mundodocarnaval.com.br\/pt_br\/wp-json\/wp\/v2\/users\/1"}],"replies":[{"embeddable":true,"href":"https:\/\/mundodocarnaval.com.br\/pt_br\/wp-json\/wp\/v2\/comments?post=3045"}],"version-history":[{"count":1,"href":"https:\/\/mundodocarnaval.com.br\/pt_br\/wp-json\/wp\/v2\/posts\/3045\/revisions"}],"predecessor-version":[{"id":3047,"href":"https:\/\/mundodocarnaval.com.br\/pt_br\/wp-json\/wp\/v2\/posts\/3045\/revisions\/3047"}],"wp:featuredmedia":[{"embeddable":true,"href":"https:\/\/mundodocarnaval.com.br\/pt_br\/wp-json\/wp\/v2\/media\/3046"}],"wp:attachment":[{"href":"https:\/\/mundodocarnaval.com.br\/pt_br\/wp-json\/wp\/v2\/media?parent=3045"}],"wp:term":[{"taxonomy":"category","embeddable":true,"href":"https:\/\/mundodocarnaval.com.br\/pt_br\/wp-json\/wp\/v2\/categories?post=3045"},{"taxonomy":"post_tag","embeddable":true,"href":"https:\/\/mundodocarnaval.com.br\/pt_br\/wp-json\/wp\/v2\/tags?post=3045"}],"curies":[{"name":"wp","href":"https:\/\/api.w.org\/{rel}","templated":true}]}}