{"id":3048,"date":"2025-07-02T22:30:14","date_gmt":"2025-07-03T01:30:14","guid":{"rendered":"https:\/\/mundodocarnaval.com.br\/?p=3048"},"modified":"2025-07-02T22:30:14","modified_gmt":"2025-07-03T01:30:14","slug":"vanessa-rangeli-inicia-preparacao-com-muso-da-corte-para-reinado-na-academicos-de-niteroi","status":"publish","type":"post","link":"https:\/\/mundodocarnaval.com.br\/pt_br\/vanessa-rangeli-inicia-preparacao-com-muso-da-corte-para-reinado-na-academicos-de-niteroi\/","title":{"rendered":"Vanessa Rangeli inicia prepara\u00e7\u00e3o com muso da corte para reinado na Acad\u00eamicos de Niter\u00f3i"},"content":{"rendered":"<p>Vanessa Rangeli inicia prepara\u00e7\u00e3o com muso da corte para reinado na Niter\u00f3i<\/p>\n<p>Ap\u00f3s ser anunciada como nova rainha de bateria da Acad\u00eamicos de Niter\u00f3i, Vanessa Rangeli come\u00e7ou os preparativos para o seu reinado no Grupo Especial. A beldade deu in\u00edcio \u00e0s aulas de samba com o muso da corte do carnaval carioca, Luis Ot\u00e1vio. Os treinos servir\u00e3o para a consultora fitness aprimorar o seu samba para a Marqu\u00eas de Sapuca\u00ed em 2026.<\/p>\n<p>&#8211; Quero me entregar de corpo e alma neste cargo. Quero fazer de tudo para ter um reinado hist\u00f3rico e memor\u00e1vel. O Ot\u00e1vio \u00e9 um grande profissional e j\u00e1 est\u00e1 me dando todas as orienta\u00e7\u00f5es e suportes necess\u00e1rios para aprimorar o meu samba. N\u00e3o vejo a hora de come\u00e7ar os ensaios e mais participa\u00e7\u00f5es para evoluir ainda mais esse trabalho \u2013 revela Vanessa.<\/p>\n<p>Vanessa j\u00e1 teve sua primeira participa\u00e7\u00e3o com a escola em uma apresenta\u00e7\u00e3o na quadra do Imp\u00e9rio Serrano. A rainha promete total dedica\u00e7\u00e3o e comprometimento com a azul e branca da cidade sorriso, que abrir\u00e1 os desfiles do Grupo Especial no domingo de carnaval, 15 de fevereiro.<\/p>\n","protected":false},"excerpt":{"rendered":"<p>Vanessa Rangeli inicia prepara\u00e7\u00e3o com muso da corte para reinado na Niter\u00f3i Ap\u00f3s ser anunciada como nova rainha de bateria da Acad\u00eamicos de Niter\u00f3i, Vanessa Rangeli come\u00e7ou os preparativos para o seu reinado no Grupo Especial. A beldade deu in\u00edcio \u00e0s aulas de samba com o muso da corte do carnaval carioca, Luis Ot\u00e1vio. Os [&hellip;]<\/p>\n","protected":false},"author":1,"featured_media":3049,"comment_status":"closed","ping_status":"closed","sticky":false,"template":"","format":"standard","meta":{"footnotes":""},"categories":[11],"tags":[],"class_list":["post-3048","post","type-post","status-publish","format-standard","has-post-thumbnail","hentry","category-noticias"],"_links":{"self":[{"href":"https:\/\/mundodocarnaval.com.br\/pt_br\/wp-json\/wp\/v2\/posts\/3048","targetHints":{"allow":["GET"]}}],"collection":[{"href":"https:\/\/mundodocarnaval.com.br\/pt_br\/wp-json\/wp\/v2\/posts"}],"about":[{"href":"https:\/\/mundodocarnaval.com.br\/pt_br\/wp-json\/wp\/v2\/types\/post"}],"author":[{"embeddable":true,"href":"https:\/\/mundodocarnaval.com.br\/pt_br\/wp-json\/wp\/v2\/users\/1"}],"replies":[{"embeddable":true,"href":"https:\/\/mundodocarnaval.com.br\/pt_br\/wp-json\/wp\/v2\/comments?post=3048"}],"version-history":[{"count":1,"href":"https:\/\/mundodocarnaval.com.br\/pt_br\/wp-json\/wp\/v2\/posts\/3048\/revisions"}],"predecessor-version":[{"id":3050,"href":"https:\/\/mundodocarnaval.com.br\/pt_br\/wp-json\/wp\/v2\/posts\/3048\/revisions\/3050"}],"wp:featuredmedia":[{"embeddable":true,"href":"https:\/\/mundodocarnaval.com.br\/pt_br\/wp-json\/wp\/v2\/media\/3049"}],"wp:attachment":[{"href":"https:\/\/mundodocarnaval.com.br\/pt_br\/wp-json\/wp\/v2\/media?parent=3048"}],"wp:term":[{"taxonomy":"category","embeddable":true,"href":"https:\/\/mundodocarnaval.com.br\/pt_br\/wp-json\/wp\/v2\/categories?post=3048"},{"taxonomy":"post_tag","embeddable":true,"href":"https:\/\/mundodocarnaval.com.br\/pt_br\/wp-json\/wp\/v2\/tags?post=3048"}],"curies":[{"name":"wp","href":"https:\/\/api.w.org\/{rel}","templated":true}]}}