{"id":3051,"date":"2025-07-02T22:34:35","date_gmt":"2025-07-03T01:34:35","guid":{"rendered":"https:\/\/mundodocarnaval.com.br\/?p=3051"},"modified":"2025-07-02T22:34:35","modified_gmt":"2025-07-03T01:34:35","slug":"taty-amparo-e-a-nova-coreografa-da-comissao-de-frente-da-unidos-de-lucas","status":"publish","type":"post","link":"https:\/\/mundodocarnaval.com.br\/pt_br\/taty-amparo-e-a-nova-coreografa-da-comissao-de-frente-da-unidos-de-lucas\/","title":{"rendered":"Taty Amparo \u00e9 a nova core\u00f3grafa da comiss\u00e3o de frente da Unidos de Lucas"},"content":{"rendered":"<p>Taty Amparo \u00e9 a nova core\u00f3grafa da comiss\u00e3o de frente da Unidos de Lucas<\/p>\n<p>A Unidos de Lucas refor\u00e7ou ainda mais o seu time para o carnaval de 2026. Taty Amparo \u00e9 a nova core\u00f3grafa da comiss\u00e3o de frente e comandar\u00e1 o quesito em busca dos 40 pontos no pr\u00f3ximo desfile na Intendente Magalh\u00e3es. A profissional j\u00e1 integrava a equipe da agremia\u00e7\u00e3o como diretora art\u00edstica.<\/p>\n<p>Cria da Zona Norte do RJ, Tatyane Amparo \u00e9 dan\u00e7arina, core\u00f3grafa e professora de dan\u00e7a afro, dan\u00e7as populares e dan\u00e7a de sal\u00e3o. Come\u00e7ou sua jornada dan\u00e7ante aos 15 anos pela Dan\u00e7a de sal\u00e3o com Alexandre Patricio e se estendeu \u00e0 dan\u00e7a afro com Luna Leal e Eliete Miranda e dan\u00e7as populares com o Grupo Maracutaia. Al\u00e9m de ter participado do Cia de Teatro Os Dion\u00edsios.<\/p>\n<p>No carnaval, come\u00e7ou sua trajet\u00f3ria pelas escolas mirins, j\u00e1 desfilou em alas coreografadas, fez parte das comiss\u00f5es de frente da intendente Magalh\u00e3es Uni\u00e3o do Parque Curicica, Fla Mangua\u00e7a e Alegria da Zona Sul onde tamb\u00e9m foi assistente coreogr\u00e1fica. Na Sapuca\u00ed foi passista na S\u00e3o Clemente, fez comiss\u00e3o de frente da Unidos de Bangu e faz parte da comiss\u00e3o de Frente da Unidos do Viradouro, desde 2023 onde \u00e9 assistente coreogr\u00e1fica.  Foi jurada do carnaval de Cruz Alta &#8211; RS em 2024 e core\u00f3grafa da comiss\u00e3o de frente do Engenho da Rainha em 2025.<\/p>\n","protected":false},"excerpt":{"rendered":"<p>Taty Amparo \u00e9 a nova core\u00f3grafa da comiss\u00e3o de frente da Unidos de Lucas A Unidos de Lucas refor\u00e7ou ainda mais o seu time para o carnaval de 2026. Taty Amparo \u00e9 a nova core\u00f3grafa da comiss\u00e3o de frente e comandar\u00e1 o quesito em busca dos 40 pontos no pr\u00f3ximo desfile na Intendente Magalh\u00e3es. A [&hellip;]<\/p>\n","protected":false},"author":1,"featured_media":3052,"comment_status":"closed","ping_status":"closed","sticky":false,"template":"","format":"standard","meta":{"footnotes":""},"categories":[14],"tags":[],"class_list":["post-3051","post","type-post","status-publish","format-standard","has-post-thumbnail","hentry","category-gadgets"],"_links":{"self":[{"href":"https:\/\/mundodocarnaval.com.br\/pt_br\/wp-json\/wp\/v2\/posts\/3051","targetHints":{"allow":["GET"]}}],"collection":[{"href":"https:\/\/mundodocarnaval.com.br\/pt_br\/wp-json\/wp\/v2\/posts"}],"about":[{"href":"https:\/\/mundodocarnaval.com.br\/pt_br\/wp-json\/wp\/v2\/types\/post"}],"author":[{"embeddable":true,"href":"https:\/\/mundodocarnaval.com.br\/pt_br\/wp-json\/wp\/v2\/users\/1"}],"replies":[{"embeddable":true,"href":"https:\/\/mundodocarnaval.com.br\/pt_br\/wp-json\/wp\/v2\/comments?post=3051"}],"version-history":[{"count":1,"href":"https:\/\/mundodocarnaval.com.br\/pt_br\/wp-json\/wp\/v2\/posts\/3051\/revisions"}],"predecessor-version":[{"id":3053,"href":"https:\/\/mundodocarnaval.com.br\/pt_br\/wp-json\/wp\/v2\/posts\/3051\/revisions\/3053"}],"wp:featuredmedia":[{"embeddable":true,"href":"https:\/\/mundodocarnaval.com.br\/pt_br\/wp-json\/wp\/v2\/media\/3052"}],"wp:attachment":[{"href":"https:\/\/mundodocarnaval.com.br\/pt_br\/wp-json\/wp\/v2\/media?parent=3051"}],"wp:term":[{"taxonomy":"category","embeddable":true,"href":"https:\/\/mundodocarnaval.com.br\/pt_br\/wp-json\/wp\/v2\/categories?post=3051"},{"taxonomy":"post_tag","embeddable":true,"href":"https:\/\/mundodocarnaval.com.br\/pt_br\/wp-json\/wp\/v2\/tags?post=3051"}],"curies":[{"name":"wp","href":"https:\/\/api.w.org\/{rel}","templated":true}]}}