{"id":3054,"date":"2025-07-02T22:41:16","date_gmt":"2025-07-03T01:41:16","guid":{"rendered":"https:\/\/mundodocarnaval.com.br\/?p=3054"},"modified":"2025-07-02T22:41:16","modified_gmt":"2025-07-03T01:41:16","slug":"jorge-amarelloh-ira-ao-quarto-ano-a-frente-da-bateria-da-em-cima-da-hora","status":"publish","type":"post","link":"https:\/\/mundodocarnaval.com.br\/pt_br\/jorge-amarelloh-ira-ao-quarto-ano-a-frente-da-bateria-da-em-cima-da-hora\/","title":{"rendered":"Jorge Amarelloh ir\u00e1 ao quarto ano \u00e0 frente da bateria da Em Cima da Hora"},"content":{"rendered":"<p>Jorge Amarelloh ir\u00e1 ao quarto ano \u00e0 frente da bateria da Em Cima da Hora<\/p>\n<p>O reinado continua! Jorge Amarelloh ir\u00e1 ao seu quarto ano \u00e0 frente da bateria Sintonia de Cavalcanti no carnaval de 2026. Rei de bateria da Em Cima da Hora, Jorge firmou o seu nome com a comunidade da azul e branca e seguir\u00e1 reinando para os ritmistas comandados pelo Mestre L\u00e9o Capoeira.<\/p>\n<p>Carinhosamente conhecido como \u201cReizinho de Cavalcante\u201d, Jorge estreou \u00e0 frente da bateria no carnaval de 2022 e seguiu em 2023 e 2025. Reconhecido internacionalmente por sua dedica\u00e7\u00e3o \u00e0 divulga\u00e7\u00e3o da cultura popular e ao samba no p\u00e9, o sambista enalteceu a agremia\u00e7\u00e3o pela confian\u00e7a em seu nome.<\/p>\n<p>&#8211; Estar \u00e0 frente de uma bateria n\u00e3o \u00e9 f\u00e1cil, ainda mais uma figura masculina. S\u00f3 tenho de agradecer a presid\u00eancia e toda diretoria da escola pela confian\u00e7a, ao meu mestre e a cada ritmista que est\u00e1 ali. Recebo carinho a cada ensaio, a cada evento, estar com eles e com essa comunidade que tanto me acolheu \u00e9 me sentir em casa. Vamos com tudo rumo a 2026. \u2013 Revela Jorge.<\/p>\n<p>A Em Cima da Hora ser\u00e1 a segunda escola a desfilar no s\u00e1bado de carnaval pela S\u00e9rie Ouro em 2026. A escola levar\u00e1 para a Marqu\u00eas de Sapuca\u00ed o enredo \u201cSOCOA-Y-REMA: Onde o altar encontra o mar\u201d, do carnavalesco Rodrigo Almeida.<\/p>\n<p>Fotos: S1 Fotografia \/ Divulga\u00e7\u00e3o Gardel Assessoria<\/p>\n","protected":false},"excerpt":{"rendered":"<p>Jorge Amarelloh ir\u00e1 ao quarto ano \u00e0 frente da bateria da Em Cima da Hora O reinado continua! Jorge Amarelloh ir\u00e1 ao seu quarto ano \u00e0 frente da bateria Sintonia de Cavalcanti no carnaval de 2026. Rei de bateria da Em Cima da Hora, Jorge firmou o seu nome com a comunidade da azul e [&hellip;]<\/p>\n","protected":false},"author":1,"featured_media":3055,"comment_status":"closed","ping_status":"closed","sticky":false,"template":"","format":"standard","meta":{"footnotes":""},"categories":[11],"tags":[],"class_list":["post-3054","post","type-post","status-publish","format-standard","has-post-thumbnail","hentry","category-noticias"],"_links":{"self":[{"href":"https:\/\/mundodocarnaval.com.br\/pt_br\/wp-json\/wp\/v2\/posts\/3054","targetHints":{"allow":["GET"]}}],"collection":[{"href":"https:\/\/mundodocarnaval.com.br\/pt_br\/wp-json\/wp\/v2\/posts"}],"about":[{"href":"https:\/\/mundodocarnaval.com.br\/pt_br\/wp-json\/wp\/v2\/types\/post"}],"author":[{"embeddable":true,"href":"https:\/\/mundodocarnaval.com.br\/pt_br\/wp-json\/wp\/v2\/users\/1"}],"replies":[{"embeddable":true,"href":"https:\/\/mundodocarnaval.com.br\/pt_br\/wp-json\/wp\/v2\/comments?post=3054"}],"version-history":[{"count":1,"href":"https:\/\/mundodocarnaval.com.br\/pt_br\/wp-json\/wp\/v2\/posts\/3054\/revisions"}],"predecessor-version":[{"id":3056,"href":"https:\/\/mundodocarnaval.com.br\/pt_br\/wp-json\/wp\/v2\/posts\/3054\/revisions\/3056"}],"wp:featuredmedia":[{"embeddable":true,"href":"https:\/\/mundodocarnaval.com.br\/pt_br\/wp-json\/wp\/v2\/media\/3055"}],"wp:attachment":[{"href":"https:\/\/mundodocarnaval.com.br\/pt_br\/wp-json\/wp\/v2\/media?parent=3054"}],"wp:term":[{"taxonomy":"category","embeddable":true,"href":"https:\/\/mundodocarnaval.com.br\/pt_br\/wp-json\/wp\/v2\/categories?post=3054"},{"taxonomy":"post_tag","embeddable":true,"href":"https:\/\/mundodocarnaval.com.br\/pt_br\/wp-json\/wp\/v2\/tags?post=3054"}],"curies":[{"name":"wp","href":"https:\/\/api.w.org\/{rel}","templated":true}]}}